{"id":864,"date":"2008-11-14T17:48:49","date_gmt":"2008-11-14T16:48:49","guid":{"rendered":"http:\/\/www.caths.cz\/wordpress\/?p=864"},"modified":"2008-11-14T17:48:49","modified_gmt":"2008-11-14T16:48:49","slug":"svetovy-curling-v-praze","status":"publish","type":"post","link":"https:\/\/www.caths.cz\/wordpress\/svetovy-curling-v-praze\/","title":{"rendered":"Sv\u011btov\u00fd curling v Praze!"},"content":{"rendered":"<p>Z\u00edtra za\u010d\u00edn\u00e1 v Praze &#8211; Roztylech curlingov\u00e1 kvalifikace na MS 2009. P\u0159ij\u010fte podpo\u0159it na\u0161e reprezentanty!<br \/>\nRozpis utk\u00e1n\u00ed <\/p>\n<p><a href=\"storage\/curling\/cur_kvalms08.pdf\"><strong>zde<\/strong><\/a><\/p>\n","protected":false},"excerpt":{"rendered":"<a href=\"https:\/\/www.caths.cz\/wordpress\/svetovy-curling-v-praze\/\"><img loading=\"lazy\" decoding=\"async\" width=\"100\" height=\"100\" src=\"https:\/\/www.caths.cz\/wordpress\/wp-content\/plugins\/thumbnail-for-excerpts\/tfe_no_thumb.png\" class=\"alignleft wp-post-image tfe\" alt=\"\" title=\"\" \/><\/a><p>Z\u00edtra za\u010d\u00edn\u00e1 v Praze &#8211; Roztylech curlingov\u00e1 kvalifikace na MS 2009. P\u0159ij\u010fte podpo\u0159it na\u0161e reprezentanty! Rozpis utk\u00e1n\u00ed zde<\/p>\n","protected":false},"author":1,"featured_media":0,"comment_status":"closed","ping_status":"closed","sticky":false,"template":"","format":"standard","meta":{"ngg_post_thumbnail":0,"footnotes":""},"categories":[7],"tags":[],"class_list":["post-864","post","type-post","status-publish","format-standard","hentry","category-curling"],"_links":{"self":[{"href":"https:\/\/www.caths.cz\/wordpress\/wp-json\/wp\/v2\/posts\/864","targetHints":{"allow":["GET"]}}],"collection":[{"href":"https:\/\/www.caths.cz\/wordpress\/wp-json\/wp\/v2\/posts"}],"about":[{"href":"https:\/\/www.caths.cz\/wordpress\/wp-json\/wp\/v2\/types\/post"}],"author":[{"embeddable":true,"href":"https:\/\/www.caths.cz\/wordpress\/wp-json\/wp\/v2\/users\/1"}],"replies":[{"embeddable":true,"href":"https:\/\/www.caths.cz\/wordpress\/wp-json\/wp\/v2\/comments?post=864"}],"version-history":[{"count":0,"href":"https:\/\/www.caths.cz\/wordpress\/wp-json\/wp\/v2\/posts\/864\/revisions"}],"wp:attachment":[{"href":"https:\/\/www.caths.cz\/wordpress\/wp-json\/wp\/v2\/media?parent=864"}],"wp:term":[{"taxonomy":"category","embeddable":true,"href":"https:\/\/www.caths.cz\/wordpress\/wp-json\/wp\/v2\/categories?post=864"},{"taxonomy":"post_tag","embeddable":true,"href":"https:\/\/www.caths.cz\/wordpress\/wp-json\/wp\/v2\/tags?post=864"}],"curies":[{"name":"wp","href":"https:\/\/api.w.org\/{rel}","templated":true}]}}