{"id":862,"date":"2008-11-12T06:50:14","date_gmt":"2008-11-12T05:50:14","guid":{"rendered":"http:\/\/www.caths.cz\/wordpress\/?p=862"},"modified":"2008-11-12T06:50:14","modified_gmt":"2008-11-12T05:50:14","slug":"sef-oddilu-1czp-jc-jiri-smekal-zaklada-fotbalovy-tym-nevidomych-a-slabozrakych","status":"publish","type":"post","link":"https:\/\/www.caths.cz\/wordpress\/sef-oddilu-1czp-jc-jiri-smekal-zaklada-fotbalovy-tym-nevidomych-a-slabozrakych\/","title":{"rendered":"\u0160\u00e9f odd\u00edlu 1.CZP J\u010c Ji\u0159\u00ed Sm\u00e9kal zakl\u00e1d\u00e1 fotbalov\u00fd t\u00fdm nevidom\u00fdch a slabozrak\u00fdch"},"content":{"rendered":"<p align=\"justify\">\n<p>Ji\u0159\u00ed Sm\u00e9kal, tren\u00e9r reprezentace vzp\u00edr\u00e1n\u00ed TP a ZP m\u00e1 dal\u0161\u00ed aktivitu. Odd\u00edl, kde p\u016fsob\u00ed jako \u0159editel &#8211; \u010deskobud\u011bjovick\u00e9 1. Centrum zdravotn\u011b posti\u017een\u00fdch ji\u017en\u00edch \u010cech toti\u017e zakl\u00e1d\u00e1 nov\u00fd fotbalov\u00fd t\u00fdm nevidom\u00fdch a slabozrak\u00fdch. Fotbal nevidom\u00fdch a slabozrak\u00fdch za\u0161t\u00edtila UEFA, a proto se stal i sportem paralympijsk\u00fdm.\n<\/p>\n<p align=\"justify\"> Podle pravidel m\u00e1 t\u00fdm mo\u017enost vyu\u017e\u00edt zku\u0161en\u00e9ho brank\u00e1\u0159e bez posti\u017een\u00ed zraku, kter\u00fd v\u0161ak nen\u00ed posledn\u00edch p\u011bt let registrovan\u00fd v \u017e\u00e1dn\u00e9m klubu, informuje \u0159editel Centra Ji\u0159\u00ed Sm\u00e9kal. Na h\u0159i\u0161ti hraj\u00ed 4 hr\u00e1\u010di a 1 brank\u00e1\u0159 (plus dal\u0161\u00edch 5 n\u00e1hradn\u00edk\u016f). &#8218;Brank\u00e1\u0159 a tren\u00e9r slovn\u011b naviguj\u00ed hr\u00e1\u010de, kte\u0159\u00ed ke h\u0159e pou\u017e\u00edvaj\u00ed ozvu\u010den\u00fd m\u00ed\u010d,&#8216; podot\u00fdk\u00e1. V bezbari\u00e9rov\u00e9 hale 1. CZP J\u010c na Vltavsk\u00e9m n\u00e1b\u0159e\u017e\u00ed v jiho\u010desk\u00e9 metropoli, prob\u011bhne ve dnech 22. &#8211; 23. listopadu 2008 soust\u0159ed\u011bn\u00ed reprezentace \u010cR. &#8218;Pokud by m\u011bl n\u011bkdo z\u00e1jem, r\u00e1di jej p\u0159iv\u00edt\u00e1me,&#8216; vzkazuje z\u00e1jemc\u016fm Sm\u00e9kal. (bli\u017e\u0161\u00ed informace tel. 604 718 304 \u010di <a href=\"http:\/\/www.handicapbudweis.com\"><strong> <font color=\"#0066CC\">www.handicapbudweis.com<\/font><\/strong><\/a>)<\/p>\n<p> P\u0159\u00edpadn\u00ed z\u00e1jemci mohou tak\u00e9 kontaktovat, emailem \u010di telefonicky, sekretari\u00e1t \u010cATHS.<\/p>\n","protected":false},"excerpt":{"rendered":"<a href=\"https:\/\/www.caths.cz\/wordpress\/sef-oddilu-1czp-jc-jiri-smekal-zaklada-fotbalovy-tym-nevidomych-a-slabozrakych\/\"><img loading=\"lazy\" decoding=\"async\" width=\"100\" height=\"100\" src=\"https:\/\/www.caths.cz\/wordpress\/wp-content\/plugins\/thumbnail-for-excerpts\/tfe_no_thumb.png\" class=\"alignleft wp-post-image tfe\" alt=\"\" title=\"\" \/><\/a><p>Ji\u0159\u00ed Sm\u00e9kal, tren\u00e9r reprezentace vzp\u00edr\u00e1n\u00ed TP a ZP m\u00e1 dal\u0161\u00ed aktivitu. Odd\u00edl, kde p\u016fsob\u00ed jako \u0159editel &#8211; \u010deskobud\u011bjovick\u00e9 1. Centrum zdravotn\u011b posti\u017een\u00fdch ji\u017en\u00edch \u010cech toti\u017e zakl\u00e1d\u00e1 nov\u00fd fotbalov\u00fd t\u00fdm nevidom\u00fdch [&hellip;]<\/p>\n","protected":false},"author":1,"featured_media":0,"comment_status":"closed","ping_status":"closed","sticky":false,"template":"","format":"standard","meta":{"ngg_post_thumbnail":0,"footnotes":""},"categories":[6],"tags":[],"class_list":["post-862","post","type-post","status-publish","format-standard","hentry","category-caths-info"],"_links":{"self":[{"href":"https:\/\/www.caths.cz\/wordpress\/wp-json\/wp\/v2\/posts\/862","targetHints":{"allow":["GET"]}}],"collection":[{"href":"https:\/\/www.caths.cz\/wordpress\/wp-json\/wp\/v2\/posts"}],"about":[{"href":"https:\/\/www.caths.cz\/wordpress\/wp-json\/wp\/v2\/types\/post"}],"author":[{"embeddable":true,"href":"https:\/\/www.caths.cz\/wordpress\/wp-json\/wp\/v2\/users\/1"}],"replies":[{"embeddable":true,"href":"https:\/\/www.caths.cz\/wordpress\/wp-json\/wp\/v2\/comments?post=862"}],"version-history":[{"count":0,"href":"https:\/\/www.caths.cz\/wordpress\/wp-json\/wp\/v2\/posts\/862\/revisions"}],"wp:attachment":[{"href":"https:\/\/www.caths.cz\/wordpress\/wp-json\/wp\/v2\/media?parent=862"}],"wp:term":[{"taxonomy":"category","embeddable":true,"href":"https:\/\/www.caths.cz\/wordpress\/wp-json\/wp\/v2\/categories?post=862"},{"taxonomy":"post_tag","embeddable":true,"href":"https:\/\/www.caths.cz\/wordpress\/wp-json\/wp\/v2\/tags?post=862"}],"curies":[{"name":"wp","href":"https:\/\/api.w.org\/{rel}","templated":true}]}}