{"id":861,"date":"2008-11-11T12:35:54","date_gmt":"2008-11-11T11:35:54","guid":{"rendered":"http:\/\/www.caths.cz\/wordpress\/?p=861"},"modified":"2008-11-11T12:35:54","modified_gmt":"2008-11-11T11:35:54","slug":"frenstat-ocenil-lenku-kuncovou","status":"publish","type":"post","link":"https:\/\/www.caths.cz\/wordpress\/frenstat-ocenil-lenku-kuncovou\/","title":{"rendered":"Fren\u0161t\u00e1t ocenil Lenku Kuncovou"},"content":{"rendered":"<p align=\"justify\">Starosta Fren\u0161t\u00e1tu pod Radho\u0161t\u011bm ocenil velikou kytic\u00ed a pod\u011bkov\u00e1n\u00edm dosa\u017een\u00ed dosavadn\u00edho \u017eivotn\u00edho \u00fasp\u011bchu zastupitelky Fren\u0161t\u00e1tu pod Radho\u0161t\u011bm Lenky Kuncov\u00e9. Lenka z\u00edskala v l\u00e9t\u011b na paralympi\u00e1d\u011b Pekingu bronzovou medaili v sout\u011b\u017ei dru\u017estev v lukost\u0159elb\u011b. P\u0159itom se nedlouho p\u0159edt\u00edm podrobila n\u00e1ro\u010dn\u00e9 operaci ve \u0160v\u00fdcarsku, o \u010dem jsme ji\u017e informovali na na\u0161em webu. Lenka Kuncov\u00e1 se ve \u010dtvrtek rovn\u011b\u017e podepsala do Pam\u011btn\u00ed knihy Fren\u0161t\u00e1tu pod Radho\u0161t\u011bm.<\/p>\n<p> <img decoding=\"async\" src=\"\/wordpress\/image\/k_clankum\/kuncova_fr.jpg\"><\/p>\n","protected":false},"excerpt":{"rendered":"<a href=\"https:\/\/www.caths.cz\/wordpress\/frenstat-ocenil-lenku-kuncovou\/\"><img loading=\"lazy\" decoding=\"async\" width=\"100\" height=\"100\" src=\"https:\/\/www.caths.cz\/wordpress\/wp-content\/plugins\/thumbnail-for-excerpts\/tfe_no_thumb.png\" class=\"alignleft wp-post-image tfe\" alt=\"\" title=\"\" \/><\/a><p>Starosta Fren\u0161t\u00e1tu pod Radho\u0161t\u011bm ocenil velikou kytic\u00ed a pod\u011bkov\u00e1n\u00edm dosa\u017een\u00ed dosavadn\u00edho \u017eivotn\u00edho \u00fasp\u011bchu zastupitelky Fren\u0161t\u00e1tu pod Radho\u0161t\u011bm Lenky Kuncov\u00e9. Lenka z\u00edskala v l\u00e9t\u011b na paralympi\u00e1d\u011b Pekingu bronzovou medaili v sout\u011b\u017ei [&hellip;]<\/p>\n","protected":false},"author":1,"featured_media":0,"comment_status":"closed","ping_status":"closed","sticky":false,"template":"","format":"standard","meta":{"ngg_post_thumbnail":0,"footnotes":""},"categories":[13],"tags":[],"class_list":["post-861","post","type-post","status-publish","format-standard","hentry","category-lukostrelba"],"_links":{"self":[{"href":"https:\/\/www.caths.cz\/wordpress\/wp-json\/wp\/v2\/posts\/861","targetHints":{"allow":["GET"]}}],"collection":[{"href":"https:\/\/www.caths.cz\/wordpress\/wp-json\/wp\/v2\/posts"}],"about":[{"href":"https:\/\/www.caths.cz\/wordpress\/wp-json\/wp\/v2\/types\/post"}],"author":[{"embeddable":true,"href":"https:\/\/www.caths.cz\/wordpress\/wp-json\/wp\/v2\/users\/1"}],"replies":[{"embeddable":true,"href":"https:\/\/www.caths.cz\/wordpress\/wp-json\/wp\/v2\/comments?post=861"}],"version-history":[{"count":0,"href":"https:\/\/www.caths.cz\/wordpress\/wp-json\/wp\/v2\/posts\/861\/revisions"}],"wp:attachment":[{"href":"https:\/\/www.caths.cz\/wordpress\/wp-json\/wp\/v2\/media?parent=861"}],"wp:term":[{"taxonomy":"category","embeddable":true,"href":"https:\/\/www.caths.cz\/wordpress\/wp-json\/wp\/v2\/categories?post=861"},{"taxonomy":"post_tag","embeddable":true,"href":"https:\/\/www.caths.cz\/wordpress\/wp-json\/wp\/v2\/tags?post=861"}],"curies":[{"name":"wp","href":"https:\/\/api.w.org\/{rel}","templated":true}]}}