{"id":859,"date":"2008-11-10T01:09:23","date_gmt":"2008-11-10T00:09:23","guid":{"rendered":"http:\/\/www.caths.cz\/wordpress\/?p=859"},"modified":"2008-11-10T01:09:23","modified_gmt":"2008-11-10T00:09:23","slug":"handicapovani-sportovci-byli-na-veletrhu-sport-life-2008-opravdu-videt","status":"publish","type":"post","link":"https:\/\/www.caths.cz\/wordpress\/handicapovani-sportovci-byli-na-veletrhu-sport-life-2008-opravdu-videt\/","title":{"rendered":"Handicapovan\u00ed sportovci byli na veletrhu Sport life 2008 opravdu vid\u011bt"},"content":{"rendered":"<p>Fotoreport\u00e1\u017e<img decoding=\"async\" src=\"\/wordpress\/image\/k_clankum\/sportlife88\/1.jpg\"><br \/>Ji\u0159\u00edho Je\u017eka skute\u010dn\u011b ne\u0161lo p\u0159ehl\u00e9dnout <\/p>\n<p> <img decoding=\"async\" src=\"\/wordpress\/image\/k_clankum\/sportlife88\/2.jpg\"><br \/>Ob\u0159\u00ed plachta s jeho tv\u00e1\u0159\u00ed zdobila st\u00e1nek firmy Nutrend hned dvakr\u00e1t <\/p>\n<p> <img decoding=\"async\" src=\"\/wordpress\/image\/k_clankum\/sportlife88\/3.jpg\"><br \/>Mohl tak, jako &#8222;Velk\u00fd bratr&#8220; dohl\u00ed\u017eet na ve\u0161ker\u00e9 d\u011bn\u00ed <\/p>\n<p> <img decoding=\"async\" src=\"\/wordpress\/image\/k_clankum\/sportlife88\/4.jpg\"><br \/>Jirka Je\u017eek tak budil pat\u0159i\u010dnou pozornost, nejen hostesek.. <\/p>\n<p> <img decoding=\"async\" src=\"\/wordpress\/image\/k_clankum\/sportlife88\/5.jpg\"><br \/>..ale i fanou\u0161k\u016f. <\/p>\n<p> <img decoding=\"async\" src=\"\/wordpress\/image\/k_clankum\/sportlife88\/6.jpg\"><br \/>S \u0159editelkou firmy Duratec Kate\u0159inou Duchkovou p\u0159i jedn\u00e9 z autogrami\u00e1d <\/p>\n<p> <img decoding=\"async\" src=\"\/wordpress\/image\/k_clankum\/sportlife88\/7.jpg\"><br \/>N\u00e1v\u0161t\u011bvn\u00edci si mohli prohl\u00e9dnout i medaile z ned\u00e1vn\u00e9 paralympi\u00e1dy <\/p>\n<p> <img decoding=\"async\" src=\"\/wordpress\/image\/k_clankum\/sportlife88\/8.jpg\"><br \/>Je\u017eek s Jaroslavem \u017ditn\u00fdm, majitelem t\u00fdmu Michelin Specialized.. <\/p>\n<p> <img decoding=\"async\" src=\"\/wordpress\/image\/k_clankum\/sportlife88\/9.jpg\"><br \/>.. za kter\u00fd bude v p\u0159\u00ed\u0161t\u00ed sez\u00f3n\u011b z\u00e1vodit Tom\u00e1\u0161 Kvasni\u010dka <\/p>\n<p> <img decoding=\"async\" src=\"\/wordpress\/image\/k_clankum\/sportlife88\/10.jpg\"><br \/>Velk\u00e9mu z\u00e1jmu n\u00e1v\u0161t\u011bvn\u00edk\u016f se t\u011b\u0161ilo i vystaven\u00e9 &#8222;zlat\u00e9&#8220; kolo Ji\u0159\u00edho Je\u017eka <\/p>\n<p> <img decoding=\"async\" src=\"\/wordpress\/image\/k_clankum\/sportlife88\/11.jpg\"><br \/>Nebylo ov\u0161em jedin\u00fdm mimo\u0159\u00e1dn\u00fdm strojem, kter\u00fd byl v Brn\u011b k vid\u011bn\u00ed&#8230; \ud83d\ude42 <\/p>\n<p> <img decoding=\"async\" src=\"\/wordpress\/image\/k_clankum\/sportlife88\/12.jpg\"> <\/p>\n<p> <img decoding=\"async\" src=\"\/wordpress\/image\/k_clankum\/sportlife88\/13.jpg\"><\/p>\n","protected":false},"excerpt":{"rendered":"<a href=\"https:\/\/www.caths.cz\/wordpress\/handicapovani-sportovci-byli-na-veletrhu-sport-life-2008-opravdu-videt\/\"><img loading=\"lazy\" decoding=\"async\" width=\"100\" height=\"100\" src=\"https:\/\/www.caths.cz\/wordpress\/wp-content\/plugins\/thumbnail-for-excerpts\/tfe_no_thumb.png\" class=\"alignleft wp-post-image tfe\" alt=\"\" title=\"\" \/><\/a><p>Fotoreport\u00e1\u017eJi\u0159\u00edho Je\u017eka skute\u010dn\u011b ne\u0161lo p\u0159ehl\u00e9dnout Ob\u0159\u00ed plachta s jeho tv\u00e1\u0159\u00ed zdobila st\u00e1nek firmy Nutrend hned dvakr\u00e1t Mohl tak, jako &#8222;Velk\u00fd bratr&#8220; dohl\u00ed\u017eet na ve\u0161ker\u00e9 d\u011bn\u00ed Jirka Je\u017eek tak budil pat\u0159i\u010dnou [&hellip;]<\/p>\n","protected":false},"author":1,"featured_media":0,"comment_status":"closed","ping_status":"closed","sticky":false,"template":"","format":"standard","meta":{"ngg_post_thumbnail":0,"footnotes":""},"categories":[8],"tags":[],"class_list":["post-859","post","type-post","status-publish","format-standard","hentry","category-fotoreporty"],"_links":{"self":[{"href":"https:\/\/www.caths.cz\/wordpress\/wp-json\/wp\/v2\/posts\/859","targetHints":{"allow":["GET"]}}],"collection":[{"href":"https:\/\/www.caths.cz\/wordpress\/wp-json\/wp\/v2\/posts"}],"about":[{"href":"https:\/\/www.caths.cz\/wordpress\/wp-json\/wp\/v2\/types\/post"}],"author":[{"embeddable":true,"href":"https:\/\/www.caths.cz\/wordpress\/wp-json\/wp\/v2\/users\/1"}],"replies":[{"embeddable":true,"href":"https:\/\/www.caths.cz\/wordpress\/wp-json\/wp\/v2\/comments?post=859"}],"version-history":[{"count":0,"href":"https:\/\/www.caths.cz\/wordpress\/wp-json\/wp\/v2\/posts\/859\/revisions"}],"wp:attachment":[{"href":"https:\/\/www.caths.cz\/wordpress\/wp-json\/wp\/v2\/media?parent=859"}],"wp:term":[{"taxonomy":"category","embeddable":true,"href":"https:\/\/www.caths.cz\/wordpress\/wp-json\/wp\/v2\/categories?post=859"},{"taxonomy":"post_tag","embeddable":true,"href":"https:\/\/www.caths.cz\/wordpress\/wp-json\/wp\/v2\/tags?post=859"}],"curies":[{"name":"wp","href":"https:\/\/api.w.org\/{rel}","templated":true}]}}