{"id":858,"date":"2008-11-10T01:02:18","date_gmt":"2008-11-10T00:02:18","guid":{"rendered":"http:\/\/www.caths.cz\/wordpress\/?p=858"},"modified":"2008-11-10T01:02:18","modified_gmt":"2008-11-10T00:02:18","slug":"reprezentacni-tym-telesne-postizenych-a-zrakove-postizenych-cyklistu-pro-rok-2009","status":"publish","type":"post","link":"https:\/\/www.caths.cz\/wordpress\/reprezentacni-tym-telesne-postizenych-a-zrakove-postizenych-cyklistu-pro-rok-2009\/","title":{"rendered":"Reprezenta\u010dn\u00ed t\u00fdm t\u011blesn\u011b posti\u017een\u00fdch a zrakov\u011b posti\u017een\u00fdch cyklist\u016f pro rok 2009"},"content":{"rendered":"<p>\u010cl\u00e1nek <a href=\"storage\/cyklistika\/repretym09.doc\"><strong>zde<\/strong><\/a><\/p>\n","protected":false},"excerpt":{"rendered":"<a href=\"https:\/\/www.caths.cz\/wordpress\/reprezentacni-tym-telesne-postizenych-a-zrakove-postizenych-cyklistu-pro-rok-2009\/\"><img loading=\"lazy\" decoding=\"async\" width=\"100\" height=\"100\" src=\"https:\/\/www.caths.cz\/wordpress\/wp-content\/plugins\/thumbnail-for-excerpts\/tfe_no_thumb.png\" class=\"alignleft wp-post-image tfe\" alt=\"\" title=\"\" \/><\/a><p>\u010cl\u00e1nek zde<\/p>\n","protected":false},"author":1,"featured_media":0,"comment_status":"closed","ping_status":"closed","sticky":false,"template":"","format":"standard","meta":{"ngg_post_thumbnail":0,"footnotes":""},"categories":[2],"tags":[],"class_list":["post-858","post","type-post","status-publish","format-standard","hentry","category-cyklistika"],"_links":{"self":[{"href":"https:\/\/www.caths.cz\/wordpress\/wp-json\/wp\/v2\/posts\/858","targetHints":{"allow":["GET"]}}],"collection":[{"href":"https:\/\/www.caths.cz\/wordpress\/wp-json\/wp\/v2\/posts"}],"about":[{"href":"https:\/\/www.caths.cz\/wordpress\/wp-json\/wp\/v2\/types\/post"}],"author":[{"embeddable":true,"href":"https:\/\/www.caths.cz\/wordpress\/wp-json\/wp\/v2\/users\/1"}],"replies":[{"embeddable":true,"href":"https:\/\/www.caths.cz\/wordpress\/wp-json\/wp\/v2\/comments?post=858"}],"version-history":[{"count":0,"href":"https:\/\/www.caths.cz\/wordpress\/wp-json\/wp\/v2\/posts\/858\/revisions"}],"wp:attachment":[{"href":"https:\/\/www.caths.cz\/wordpress\/wp-json\/wp\/v2\/media?parent=858"}],"wp:term":[{"taxonomy":"category","embeddable":true,"href":"https:\/\/www.caths.cz\/wordpress\/wp-json\/wp\/v2\/categories?post=858"},{"taxonomy":"post_tag","embeddable":true,"href":"https:\/\/www.caths.cz\/wordpress\/wp-json\/wp\/v2\/tags?post=858"}],"curies":[{"name":"wp","href":"https:\/\/api.w.org\/{rel}","templated":true}]}}