{"id":857,"date":"2008-11-10T00:52:35","date_gmt":"2008-11-09T23:52:35","guid":{"rendered":"http:\/\/www.caths.cz\/wordpress\/?p=857"},"modified":"2008-11-10T00:52:35","modified_gmt":"2008-11-09T23:52:35","slug":"tomas-kvasnicka-se-stal-clenem-elitniho-cyklistickeho-trade-teamu-michelin-specialized","status":"publish","type":"post","link":"https:\/\/www.caths.cz\/wordpress\/tomas-kvasnicka-se-stal-clenem-elitniho-cyklistickeho-trade-teamu-michelin-specialized\/","title":{"rendered":"Tom\u00e1\u0161 Kvasni\u010dka se stal \u010dlenem elitn\u00edho cyklistick\u00e9ho Trade Teamu &#8211; Michelin Specialized"},"content":{"rendered":"<p align=\"justify\">\n<p>Elitn\u00ed profesion\u00e1ln\u00ed cyklistick\u00fd t\u00fdm Michelin Specialized anga\u017eoval do sv\u00fdch \u0159ad nejlep\u0161\u00edho handicapovan\u00e9ho juniora sv\u011bta, Tom\u00e1\u0161e Kvasni\u010dku. &#8222;Mal\u00fd&#8220; Tom\u00e1\u0161 se tak stane t\u00fdmov\u00fdm kolegou nap\u0159. olympionika Jaroslava Kulhav\u00e9ho, mistra sv\u011bta a Evropy a \u00fa\u0159aduj\u00edc\u00edho mistra \u010cR na horsk\u00e9m kole, kter\u00fd pat\u0159\u00ed mezi absolutn\u00ed cyklistickou sv\u011btovou \u0161pi\u010dku.<br \/>\nC\u00edlem a smyslem tohoto kontraktu je p\u0159edev\u0161\u00edm pomoci Tom\u00e1\u0161ovi v jeho vstupu mezi seniory.   <\/p>\n<p align=\"justify\"> Michelin Specialized a cyklistika handicapovan\u00fdch, to jsou spojen\u00e9 n\u00e1doby. T\u00fdm dlouhodob\u011b podporuje handicapovan\u00e9 sportovce. \u0160\u00e9ftren\u00e9r t\u00fdmu, osobn\u00ed tren\u00e9r Jaroslava Kulhavah\u00e9ho a Tom\u00e1\u0161e Kvasni\u010dky je Viktor Zapletal &#8211; reprezenta\u010dn\u00ed tren\u00e9r t\u011blesn\u011b a zrakov\u011b handicapovan\u00fdch cyklist\u016f. A p\u0159edseda a majitel t\u00fdmu pan Jaroslav \u017ditn\u00fd pat\u0159\u00ed k v\u00fdznamn\u00fdm sponzor\u016fm \u010desk\u00e9ho reprezenta\u010dn\u00edho t\u00fdmu. V\u017edy\u0165 nap\u0159\u00edklad TOP komponenty Sram Red voz\u00ed na sv\u00e9m kole i \u00fa\u0159aduj\u00edc\u00ed mistr sv\u011bta a paralympijsk\u00fd v\u00edt\u011bz &#8211; Ji\u0159\u00ed Je\u017eek&#8230; <\/p>\n<p> <img decoding=\"async\" src=\"\/wordpress\/image\/k_clankum\/kvas_beij.jpg\"><br \/>Tom\u00e1\u0161 Kvasni\u010dka na stupn\u00edch v\u00edt\u011bz\u016f v Pekingu <br \/> <img decoding=\"async\" src=\"\/wordpress\/image\/k_clankum\/sportlife88\/8.jpg\"><br \/>Majitel t\u00fdmu Michelin Specialized Jaroslav \u017ditn\u00fd s Ji\u0159\u00edm Je\u017ekem <\/p>\n<p> <img decoding=\"async\" src=\"\/wordpress\/image\/k_clankum\/kulh.jpg\"><br \/>Jaroslav Kulhav\u00fd <\/p>\n","protected":false},"excerpt":{"rendered":"<a href=\"https:\/\/www.caths.cz\/wordpress\/tomas-kvasnicka-se-stal-clenem-elitniho-cyklistickeho-trade-teamu-michelin-specialized\/\"><img loading=\"lazy\" decoding=\"async\" width=\"100\" height=\"100\" src=\"https:\/\/www.caths.cz\/wordpress\/wp-content\/plugins\/thumbnail-for-excerpts\/tfe_no_thumb.png\" class=\"alignleft wp-post-image tfe\" alt=\"\" title=\"\" \/><\/a><p>Elitn\u00ed profesion\u00e1ln\u00ed cyklistick\u00fd t\u00fdm Michelin Specialized anga\u017eoval do sv\u00fdch \u0159ad nejlep\u0161\u00edho handicapovan\u00e9ho juniora sv\u011bta, Tom\u00e1\u0161e Kvasni\u010dku. &#8222;Mal\u00fd&#8220; Tom\u00e1\u0161 se tak stane t\u00fdmov\u00fdm kolegou nap\u0159. olympionika Jaroslava Kulhav\u00e9ho, mistra sv\u011bta a [&hellip;]<\/p>\n","protected":false},"author":1,"featured_media":0,"comment_status":"closed","ping_status":"closed","sticky":false,"template":"","format":"standard","meta":{"ngg_post_thumbnail":0,"footnotes":""},"categories":[2],"tags":[],"class_list":["post-857","post","type-post","status-publish","format-standard","hentry","category-cyklistika"],"_links":{"self":[{"href":"https:\/\/www.caths.cz\/wordpress\/wp-json\/wp\/v2\/posts\/857","targetHints":{"allow":["GET"]}}],"collection":[{"href":"https:\/\/www.caths.cz\/wordpress\/wp-json\/wp\/v2\/posts"}],"about":[{"href":"https:\/\/www.caths.cz\/wordpress\/wp-json\/wp\/v2\/types\/post"}],"author":[{"embeddable":true,"href":"https:\/\/www.caths.cz\/wordpress\/wp-json\/wp\/v2\/users\/1"}],"replies":[{"embeddable":true,"href":"https:\/\/www.caths.cz\/wordpress\/wp-json\/wp\/v2\/comments?post=857"}],"version-history":[{"count":0,"href":"https:\/\/www.caths.cz\/wordpress\/wp-json\/wp\/v2\/posts\/857\/revisions"}],"wp:attachment":[{"href":"https:\/\/www.caths.cz\/wordpress\/wp-json\/wp\/v2\/media?parent=857"}],"wp:term":[{"taxonomy":"category","embeddable":true,"href":"https:\/\/www.caths.cz\/wordpress\/wp-json\/wp\/v2\/categories?post=857"},{"taxonomy":"post_tag","embeddable":true,"href":"https:\/\/www.caths.cz\/wordpress\/wp-json\/wp\/v2\/tags?post=857"}],"curies":[{"name":"wp","href":"https:\/\/api.w.org\/{rel}","templated":true}]}}