{"id":856,"date":"2008-11-09T19:13:51","date_gmt":"2008-11-09T18:13:51","guid":{"rendered":"http:\/\/www.caths.cz\/wordpress\/?p=856"},"modified":"2008-11-09T19:13:51","modified_gmt":"2008-11-09T18:13:51","slug":"na-vystavisti-v-brne-se-konal-nejvetsi-sportovni-veletrh-v-cr-sport-life-2008","status":"publish","type":"post","link":"https:\/\/www.caths.cz\/wordpress\/na-vystavisti-v-brne-se-konal-nejvetsi-sportovni-veletrh-v-cr-sport-life-2008\/","title":{"rendered":"Na v\u00fdstavi\u0161ti v Brn\u011b se konal nejv\u011bt\u0161\u00ed sportovn\u00ed veletrh v \u010cR &#8211; Sport Life 2008"},"content":{"rendered":"<p align=\"justify\"> Ob\u0159\u00ed, p\u011btimetrov\u00fd plak\u00e1t Ji\u0159\u00edho Je\u017eka, videosmy\u010dka neust\u00e1le opakuj\u00edc\u00ed v\u00edt\u011bzn\u00fd z\u00e1vod z Pekingu, vystaven\u00fd a nasv\u00edcen\u00fd \u010dasovk\u00e1\u0159sk\u00fd speci\u00e1l, kter\u00fd dovezl na paralympi\u00e1d\u011b sv\u00e9ho majitele a\u017e ke zlat\u00e9 medaili, rozhovory s Jirkou Je\u017ekem a Tom\u00e1\u0161em Kvasni\u010dkou na p\u00f3diu v hlavn\u00ed hale, \u010di fronta \u010dekaj\u00edc\u00ed na podpis \u00fa\u0159aduj\u00edc\u00edho mistra sv\u011bta, paralympijsk\u00e9ho v\u00edt\u011bze a nej\u00fasp\u011b\u0161n\u011bj\u0161\u00edho handicapovan\u00e9ho sportovce \u010cR v\u0161ech dob &#8211; Ji\u0159\u00edho Je\u017eka, tak i takov\u00fd byl obr\u00e1zek leto\u0161n\u00edho sportovn\u00edho veletrhu Sport Life v Brn\u011b. <\/p>\n<p> A je pot\u011b\u0161uj\u00edc\u00ed, \u017ee sport handicapovan\u00fdch se po \u00fasp\u011b\u0161n\u00e9 paralympi\u00e1d\u011b v Pekingu (navzdory tragick\u00e9 publicit\u011b v \u010desk\u00fdch m\u00e9di\u00edch), za\u0159adil do podv\u011bdom\u00ed sportovn\u00ed ve\u0159ejnosti jako plnohodnotn\u00e1 aktivita se v\u0161\u00edm, co k tomu n\u00e1le\u017e\u00ed. Je to \u00fasp\u011bch v\u0161ech handicapovan\u00fdch sportovc\u016f, kte\u0159\u00ed si postupn\u011b vyslou\u017eili zaslou\u017een\u00fd respekt a obdiv, se kter\u00fdm se nyn\u00ed m\u016f\u017eeme setk\u00e1vat pr\u00e1v\u011b na akc\u00edch, jakou je Sport Life. \u00dactu a popularitu k v\u00fdkon\u016fm handicapovan\u00fdch sportovc\u016f vn\u00edm\u00e1te na ka\u017ed\u00e9m kroku. \u0160el jsem s Jirkou p\u00e1r des\u00edtek metr\u016f po hale. Neust\u00e1le si ho n\u011bkdo fot\u00ed, p\u0159isp\u011bch\u00e1 s karti\u010dkou a \u017e\u00e1dost\u00ed o podpis \u010di jen Jirku zastav\u00ed a pogratuluje&#8230; A podobn\u00e9 pocity sportovn\u00ed hv\u011bzdy si mohl v praxi vyzkou\u0161et i nejlep\u0161\u00ed juniorsk\u00fd cyklista sv\u011bta &#8211; Tom\u00e1\u0161 Kvasni\u010dka. Je to \u00fa\u017easn\u00fd pocit a \u010dlov\u011bk m\u00e1 pocit hrdosti na na\u0161e sportovce. <\/p>\n<p> A co je nejv\u00edce pot\u011b\u0161uj\u00edc\u00ed, \u017ee firmy za\u0159adily nab\u00eddku pro handicapovan\u00e9 sportovce do sv\u00fdch v\u00fdrobn\u00edch a obchodn\u00edch aktivit, jako zcela b\u011b\u017enou a samoz\u0159ejmou v\u011bc. M\u016f\u017eeme se tedy setkat se sportovn\u00edmi pom\u016fckami, n\u00e1\u0159ad\u00edm a n\u00e1\u010din\u00edm jak pro volno\u010dasov\u00e9 aktivity a hobby podobu sportu handicapovan\u00fdch, tak i s nab\u00eddkou pro \u0161pi\u010dkov\u00e9 handicapovan\u00e9 sportovce. <\/p>\n","protected":false},"excerpt":{"rendered":"<a href=\"https:\/\/www.caths.cz\/wordpress\/na-vystavisti-v-brne-se-konal-nejvetsi-sportovni-veletrh-v-cr-sport-life-2008\/\"><img loading=\"lazy\" decoding=\"async\" width=\"100\" height=\"100\" src=\"https:\/\/www.caths.cz\/wordpress\/wp-content\/plugins\/thumbnail-for-excerpts\/tfe_no_thumb.png\" class=\"alignleft wp-post-image tfe\" alt=\"\" title=\"\" \/><\/a><p>Ob\u0159\u00ed, p\u011btimetrov\u00fd plak\u00e1t Ji\u0159\u00edho Je\u017eka, videosmy\u010dka neust\u00e1le opakuj\u00edc\u00ed v\u00edt\u011bzn\u00fd z\u00e1vod z Pekingu, vystaven\u00fd a nasv\u00edcen\u00fd \u010dasovk\u00e1\u0159sk\u00fd speci\u00e1l, kter\u00fd dovezl na paralympi\u00e1d\u011b sv\u00e9ho majitele a\u017e ke zlat\u00e9 medaili, rozhovory s Jirkou [&hellip;]<\/p>\n","protected":false},"author":1,"featured_media":0,"comment_status":"closed","ping_status":"closed","sticky":false,"template":"","format":"standard","meta":{"ngg_post_thumbnail":0,"footnotes":""},"categories":[6],"tags":[],"class_list":["post-856","post","type-post","status-publish","format-standard","hentry","category-caths-info"],"_links":{"self":[{"href":"https:\/\/www.caths.cz\/wordpress\/wp-json\/wp\/v2\/posts\/856","targetHints":{"allow":["GET"]}}],"collection":[{"href":"https:\/\/www.caths.cz\/wordpress\/wp-json\/wp\/v2\/posts"}],"about":[{"href":"https:\/\/www.caths.cz\/wordpress\/wp-json\/wp\/v2\/types\/post"}],"author":[{"embeddable":true,"href":"https:\/\/www.caths.cz\/wordpress\/wp-json\/wp\/v2\/users\/1"}],"replies":[{"embeddable":true,"href":"https:\/\/www.caths.cz\/wordpress\/wp-json\/wp\/v2\/comments?post=856"}],"version-history":[{"count":0,"href":"https:\/\/www.caths.cz\/wordpress\/wp-json\/wp\/v2\/posts\/856\/revisions"}],"wp:attachment":[{"href":"https:\/\/www.caths.cz\/wordpress\/wp-json\/wp\/v2\/media?parent=856"}],"wp:term":[{"taxonomy":"category","embeddable":true,"href":"https:\/\/www.caths.cz\/wordpress\/wp-json\/wp\/v2\/categories?post=856"},{"taxonomy":"post_tag","embeddable":true,"href":"https:\/\/www.caths.cz\/wordpress\/wp-json\/wp\/v2\/tags?post=856"}],"curies":[{"name":"wp","href":"https:\/\/api.w.org\/{rel}","templated":true}]}}