{"id":849,"date":"2008-10-30T15:11:05","date_gmt":"2008-10-30T14:11:05","guid":{"rendered":"http:\/\/www.caths.cz\/wordpress\/?p=849"},"modified":"2008-10-30T15:11:05","modified_gmt":"2008-10-30T14:11:05","slug":"unikatni-vypoved-miloslava-a-tomase-kvasnickovych","status":"publish","type":"post","link":"https:\/\/www.caths.cz\/wordpress\/unikatni-vypoved-miloslava-a-tomase-kvasnickovych\/","title":{"rendered":"Unik\u00e1tn\u00ed v\u00fdpov\u011b\u010f Miloslava a Tom\u00e1\u0161e Kvasni\u010dkov\u00fdch"},"content":{"rendered":"<p align=\"justify\">\u010casopis Velo, kter\u00fd je nejv\u011bt\u0161\u00edm m\u011bs\u00ed\u010dn\u00edkem specializovan\u00fdm na cyklistiku v \u010cesk\u00e9 republice, zve\u0159ejnil ve sv\u00e9m p\u0159edposledn\u00edm \u010d\u00edsle rozhovor \u0161\u00e9fredaktora Kamila Hofmana s Miloslavem a Tom\u00e1\u0161em Kvasni\u010dkov\u00fdmi. <br \/>\nJde o zcela unik\u00e1tn\u00ed v\u00fdpov\u011b\u010f \u00fasp\u011b\u0161n\u00e9ho otce a syna v report\u00e1\u017ei, kter\u00e1 u n\u00e1s nem\u00e1 obdoby. Cel\u00fd \u010dl\u00e1nek vzhledem k velik\u00e9mu ohlasu, s laskav\u00fdm svolen\u00edm autora, p\u0159etiskujeme, v nezm\u011bn\u011bn\u00e9 podob\u011b i na na\u0161em webu.<br \/>\nP\u0159e\u010dt\u011bte si tedy p\u0159\u00edb\u011bh, kter\u00fd dok\u00e1\u017ee napsat, opravdu, snad jen osud&#8230;<\/p>\n<p>\u010cl\u00e1nek ve form\u00e1tu pdf si m\u016f\u017eete st\u00e1hnout  <a href=\"storage\/cyklistika\/VELO_Kvasnicka_clanek.pdf\">zde<\/a> (5,8MB)<\/p>\n","protected":false},"excerpt":{"rendered":"<a href=\"https:\/\/www.caths.cz\/wordpress\/unikatni-vypoved-miloslava-a-tomase-kvasnickovych\/\"><img loading=\"lazy\" decoding=\"async\" width=\"100\" height=\"100\" src=\"https:\/\/www.caths.cz\/wordpress\/wp-content\/plugins\/thumbnail-for-excerpts\/tfe_no_thumb.png\" class=\"alignleft wp-post-image tfe\" alt=\"\" title=\"\" \/><\/a><p>\u010casopis Velo, kter\u00fd je nejv\u011bt\u0161\u00edm m\u011bs\u00ed\u010dn\u00edkem specializovan\u00fdm na cyklistiku v \u010cesk\u00e9 republice, zve\u0159ejnil ve sv\u00e9m p\u0159edposledn\u00edm \u010d\u00edsle rozhovor \u0161\u00e9fredaktora Kamila Hofmana s Miloslavem a Tom\u00e1\u0161em Kvasni\u010dkov\u00fdmi. Jde o zcela unik\u00e1tn\u00ed [&hellip;]<\/p>\n","protected":false},"author":1,"featured_media":0,"comment_status":"closed","ping_status":"closed","sticky":false,"template":"","format":"standard","meta":{"ngg_post_thumbnail":0,"footnotes":""},"categories":[2],"tags":[],"class_list":["post-849","post","type-post","status-publish","format-standard","hentry","category-cyklistika"],"_links":{"self":[{"href":"https:\/\/www.caths.cz\/wordpress\/wp-json\/wp\/v2\/posts\/849","targetHints":{"allow":["GET"]}}],"collection":[{"href":"https:\/\/www.caths.cz\/wordpress\/wp-json\/wp\/v2\/posts"}],"about":[{"href":"https:\/\/www.caths.cz\/wordpress\/wp-json\/wp\/v2\/types\/post"}],"author":[{"embeddable":true,"href":"https:\/\/www.caths.cz\/wordpress\/wp-json\/wp\/v2\/users\/1"}],"replies":[{"embeddable":true,"href":"https:\/\/www.caths.cz\/wordpress\/wp-json\/wp\/v2\/comments?post=849"}],"version-history":[{"count":0,"href":"https:\/\/www.caths.cz\/wordpress\/wp-json\/wp\/v2\/posts\/849\/revisions"}],"wp:attachment":[{"href":"https:\/\/www.caths.cz\/wordpress\/wp-json\/wp\/v2\/media?parent=849"}],"wp:term":[{"taxonomy":"category","embeddable":true,"href":"https:\/\/www.caths.cz\/wordpress\/wp-json\/wp\/v2\/categories?post=849"},{"taxonomy":"post_tag","embeddable":true,"href":"https:\/\/www.caths.cz\/wordpress\/wp-json\/wp\/v2\/tags?post=849"}],"curies":[{"name":"wp","href":"https:\/\/api.w.org\/{rel}","templated":true}]}}