{"id":848,"date":"2008-10-30T13:23:37","date_gmt":"2008-10-30T12:23:37","guid":{"rendered":"http:\/\/www.caths.cz\/wordpress\/?p=848"},"modified":"2008-10-30T13:23:37","modified_gmt":"2008-10-30T12:23:37","slug":"pekingske-fotoohlednuti-5-novinari","status":"publish","type":"post","link":"https:\/\/www.caths.cz\/wordpress\/pekingske-fotoohlednuti-5-novinari\/","title":{"rendered":"Pekingsk\u00e9 fotoohl\u00e9dnut\u00ed 5 &#8211; novin\u00e1\u0159i"},"content":{"rendered":"<p align=\"justify\">\n<p>Informovanost o paralympi\u00e1d\u011b byla v \u010cesk\u00e9 republice d\u00e1\u00e1\u00e1\u00e1\u00e1\u00e1\u00e1\u00e1\u00e1\u00e1\u00e1\u00e1\u00e1\u00e1\u00e1leko za olympijsk\u00fdm medi\u00e1ln\u00edm standardem..\n<\/p>\n<p align=\"justify\"> Kdy\u017e vezmeme v \u00favahu \u00fasp\u011b\u0161nost na\u0161\u00ed v\u00fdpravy a rozsah aktu\u00e1ln\u00edch informac\u00ed z Pekingu, dost\u00e1v\u00e1me se k zna\u010dn\u00e9mu nepom\u011bru.<br \/> T\u011b\u017eko \u0159\u00edct, co je tou pravou p\u0159\u00ed\u010dinou novin\u00e1\u0159sk\u00e9ho paralympijsk\u00e9ho &#8222;debaklu&#8220;. N\u00e1zory, pro\u010d tomu tak je, jsou r\u016fzn\u00e9. Jeden je v\u0161ak obecn\u00fd &#8211; toti\u017e, \u017ee tomu tak opravdu je \ud83d\ude42 <br \/> Mezi nej\u010dast\u011bji zmi\u0148ovan\u00e9 pak p\u0159edev\u0161\u00edm pat\u0159\u00ed: \u0161patn\u00e1 pr\u00e1ce marketingu a chyb\u011bj\u00edc\u00ed novin\u00e1\u0159sk\u00e1 osobnost, \u010di medi\u00e1ln\u00ed agentura, kter\u00e1 by sport handicapovan\u00fdch m\u011bla jako svou specializaci a dok\u00e1zala by prosadit zve\u0159ejn\u011bn\u00ed informac\u00ed v prostoru a rozsahu odpov\u00eddaj\u00edc\u00edm v\u00fdznamu akce. <br \/> Jeden p\u0159\u00edklad za v\u0161echny &#8211; po vyhran\u00e9m z\u00e1vod\u011b na 4 km absolvoval Ji\u0159\u00ed Je\u017eek tiskovou konferenci, kter\u00e1 trvala p\u0159es hodinu. Ve zcela zapln\u011bn\u00e9m Press centru na velodromu Laoshan za z\u00e1jmu novin\u00e1\u0159\u016f z cel\u00e9ho sv\u011bta nebyl p\u0159\u00edtomen ani jeden z\u00e1stupce \u010desk\u00fdch m\u00e9di\u00ed&#8230;<br \/> N\u00e1m nezb\u00fdv\u00e1 ne\u017e doufat, \u017ee se situace po Pekingu, na z\u00e1klad\u011b mimo\u0159\u00e1dn\u00fdch v\u00fdsledk\u016f na\u0161ich sportovc\u016f, v\u00fdrazn\u011b zlep\u0161\u00ed&#8230;<br \/> Ka\u017edop\u00e1n\u011b sv\u011bt je v ot\u00e1zce medializace sv\u00fdch handicapovan\u00fdch sportovc\u016f mnohem d\u00e1l, jak je patrn\u00e9 z n\u00e1sleduj\u00edc\u00ed fotoreport\u00e1\u017ee. <\/p>\n<p> <img decoding=\"async\" src=\"\/wordpress\/image\/k_clankum\/novinari\/1.jpg\"> <\/p>\n<p> <img decoding=\"async\" src=\"\/wordpress\/image\/k_clankum\/novinari\/2.jpg\"> <\/p>\n<p> <img decoding=\"async\" src=\"\/wordpress\/image\/k_clankum\/novinari\/3.jpg\"> <\/p>\n<p> <img decoding=\"async\" src=\"\/wordpress\/image\/k_clankum\/novinari\/4.jpg\"> <\/p>\n<p> <img decoding=\"async\" src=\"\/wordpress\/image\/k_clankum\/novinari\/5.jpg\"> <\/p>\n<p> <img decoding=\"async\" src=\"\/wordpress\/image\/k_clankum\/novinari\/6.jpg\"> <\/p>\n<p> <img decoding=\"async\" src=\"\/wordpress\/image\/k_clankum\/novinari\/7.jpg\"> <\/p>\n<p> <img decoding=\"async\" src=\"\/wordpress\/image\/k_clankum\/novinari\/8.jpg\"> <\/p>\n<p> <img decoding=\"async\" src=\"\/wordpress\/image\/k_clankum\/novinari\/9.jpg\"> <\/p>\n<p> <img decoding=\"async\" src=\"\/wordpress\/image\/k_clankum\/novinari\/10.jpg\"> <\/p>\n<p> <img decoding=\"async\" src=\"\/wordpress\/image\/k_clankum\/novinari\/11.jpg\"> <\/p>\n<p> <img decoding=\"async\" src=\"\/wordpress\/image\/k_clankum\/novinari\/12.jpg\"> <\/p>\n<p> <img decoding=\"async\" src=\"\/wordpress\/image\/k_clankum\/novinari\/13.JPG\"> <\/p>\n<p> <img decoding=\"async\" src=\"\/wordpress\/image\/k_clankum\/novinari\/14.jpg\"> <\/p>\n","protected":false},"excerpt":{"rendered":"<a href=\"https:\/\/www.caths.cz\/wordpress\/pekingske-fotoohlednuti-5-novinari\/\"><img loading=\"lazy\" decoding=\"async\" width=\"100\" height=\"100\" src=\"https:\/\/www.caths.cz\/wordpress\/wp-content\/plugins\/thumbnail-for-excerpts\/tfe_no_thumb.png\" class=\"alignleft wp-post-image tfe\" alt=\"\" title=\"\" \/><\/a><p>Informovanost o paralympi\u00e1d\u011b byla v \u010cesk\u00e9 republice d\u00e1\u00e1\u00e1\u00e1\u00e1\u00e1\u00e1\u00e1\u00e1\u00e1\u00e1\u00e1\u00e1\u00e1\u00e1leko za olympijsk\u00fdm medi\u00e1ln\u00edm standardem.. Kdy\u017e vezmeme v \u00favahu \u00fasp\u011b\u0161nost na\u0161\u00ed v\u00fdpravy a rozsah aktu\u00e1ln\u00edch informac\u00ed z Pekingu, dost\u00e1v\u00e1me se k zna\u010dn\u00e9mu nepom\u011bru. [&hellip;]<\/p>\n","protected":false},"author":1,"featured_media":0,"comment_status":"closed","ping_status":"closed","sticky":false,"template":"","format":"standard","meta":{"ngg_post_thumbnail":0,"footnotes":""},"categories":[8],"tags":[],"class_list":["post-848","post","type-post","status-publish","format-standard","hentry","category-fotoreporty"],"_links":{"self":[{"href":"https:\/\/www.caths.cz\/wordpress\/wp-json\/wp\/v2\/posts\/848","targetHints":{"allow":["GET"]}}],"collection":[{"href":"https:\/\/www.caths.cz\/wordpress\/wp-json\/wp\/v2\/posts"}],"about":[{"href":"https:\/\/www.caths.cz\/wordpress\/wp-json\/wp\/v2\/types\/post"}],"author":[{"embeddable":true,"href":"https:\/\/www.caths.cz\/wordpress\/wp-json\/wp\/v2\/users\/1"}],"replies":[{"embeddable":true,"href":"https:\/\/www.caths.cz\/wordpress\/wp-json\/wp\/v2\/comments?post=848"}],"version-history":[{"count":0,"href":"https:\/\/www.caths.cz\/wordpress\/wp-json\/wp\/v2\/posts\/848\/revisions"}],"wp:attachment":[{"href":"https:\/\/www.caths.cz\/wordpress\/wp-json\/wp\/v2\/media?parent=848"}],"wp:term":[{"taxonomy":"category","embeddable":true,"href":"https:\/\/www.caths.cz\/wordpress\/wp-json\/wp\/v2\/categories?post=848"},{"taxonomy":"post_tag","embeddable":true,"href":"https:\/\/www.caths.cz\/wordpress\/wp-json\/wp\/v2\/tags?post=848"}],"curies":[{"name":"wp","href":"https:\/\/api.w.org\/{rel}","templated":true}]}}