{"id":847,"date":"2008-10-29T17:52:49","date_gmt":"2008-10-29T16:52:49","guid":{"rendered":"http:\/\/www.caths.cz\/wordpress\/?p=847"},"modified":"2008-10-29T17:52:49","modified_gmt":"2008-10-29T16:52:49","slug":"triatlon-vozickaru-pod-sekci-cyklistiky-a-handbike","status":"publish","type":"post","link":"https:\/\/www.caths.cz\/wordpress\/triatlon-vozickaru-pod-sekci-cyklistiky-a-handbike\/","title":{"rendered":"Triatlon voz\u00ed\u010dk\u00e1\u0159\u016f pod sekci cyklistiky a handbike"},"content":{"rendered":"<p align=\"justify\">\nJi\u017e tak dost po\u010detn\u00e1 sekce cyklistiky a handbike \u010cATHS se roz\u0161\u00ed\u0159ila o dal\u0161\u00ed sport &#8211; triatlon voz\u00ed\u010dk\u00e1\u0159\u016f. V\u00fdkonn\u00fd v\u00fdbor \u010cATHS schv\u00e1lil na sv\u00e9m zased\u00e1n\u00ed dne 16.10.2008 n\u00e1vrh p\u0159edsedy sekce cyklistiky a handbike Viktora Zapletala na roz\u0161\u00ed\u0159en\u00ed t\u00e9to sekce o triatlety.<\/p>\n<p align=\"justify\"><em> &#8222;D\u016fvod je zcela jednoduch\u00fd, tr\u00e9nink triatleta voz\u00ed\u010dk\u00e1\u0159e vych\u00e1z\u00ed p\u0159edev\u0161\u00edm z cyklistick\u00e9 \u010d\u00e1sti. Smyslem je pomoci triatlet\u016fm po str\u00e1nce tr\u00e9ninkov\u00e9, administrativn\u00ed, ale i finan\u010dn\u00ed. V minulosti jsem spolupracoval na cyklistick\u00e9 p\u0159\u00edprav\u011b triatleta, kter\u00fd n\u011bkolikr\u00e1t absolvoval slavn\u00fd z\u00e1vod Iron man na Hawaii. Jde opravdu o mimo\u0159\u00e1dn\u00e9 sportovn\u00ed a p\u0159edev\u0161\u00edm lidsk\u00e9 v\u00fdkony a j\u00e1 k borc\u016fm, kte\u0159\u00ed tuto d\u0159inu podstoup\u00ed chov\u00e1m obrovskou \u00factu a respekt. Pokud m\u00e1me nyn\u00ed mo\u017enost, jako siln\u00fd a \u00fasp\u011b\u0161n\u00fd reprezenta\u010dn\u00ed t\u00fdm n\u011bjak pomoci za\u010d\u00ednaj\u00edc\u00ed triatletick\u00e9 sekci s cyklistickou p\u0159\u00edpravou, pova\u017euji tento krok za naprosto samoz\u0159ejm\u00fd a t\u011b\u0161\u00edm se na tu spolupr\u00e1ci&#8220;<\/em> okomentoval celou v\u011bc Viktor Zapletal. <\/p>\n<p> My pouze p\u0159ipom\u00edn\u00e1me, \u017ee \u010dlen \u010cATHS Michal \u0160i\u0161ka letos na Hawaii obsadil vynikaj\u00edc\u00ed 7. m\u00edsto v kategorii voz\u00ed\u010dk\u00e1\u0159\u016f v \u010dase pod 14 hodin. Ka\u017edop\u00e1dn\u011b mo\u017enosti Michala jsou pravd\u011bpodobn\u011b mnohem v\u011bt\u0161\u00ed, jak ostatn\u011b ji\u017e letos potvrdil vynikaj\u00edc\u00edmi v\u00fdsledky na z\u00e1vodech \u010cP a EP handbike, d\u00edky nim\u017e dostal od reprezenta\u010dn\u00edho tren\u00e9ra Viktora Zapletala pozv\u00e1nku do \u0161ir\u0161\u00edho reprezenta\u010dn\u00edho v\u00fdb\u011bru cyklistiky a handbike s nomina\u010dn\u00edm c\u00edlem MS v Seville v roce 2009. <\/p>\n<p> <img decoding=\"async\" src=\"\/wordpress\/image\/k_clankum\/siska_x.jpg\"><\/p>\n","protected":false},"excerpt":{"rendered":"<a href=\"https:\/\/www.caths.cz\/wordpress\/triatlon-vozickaru-pod-sekci-cyklistiky-a-handbike\/\"><img loading=\"lazy\" decoding=\"async\" width=\"100\" height=\"100\" src=\"https:\/\/www.caths.cz\/wordpress\/wp-content\/plugins\/thumbnail-for-excerpts\/tfe_no_thumb.png\" class=\"alignleft wp-post-image tfe\" alt=\"\" title=\"\" \/><\/a><p>Ji\u017e tak dost po\u010detn\u00e1 sekce cyklistiky a handbike \u010cATHS se roz\u0161\u00ed\u0159ila o dal\u0161\u00ed sport &#8211; triatlon voz\u00ed\u010dk\u00e1\u0159\u016f. V\u00fdkonn\u00fd v\u00fdbor \u010cATHS schv\u00e1lil na sv\u00e9m zased\u00e1n\u00ed dne 16.10.2008 n\u00e1vrh p\u0159edsedy sekce cyklistiky [&hellip;]<\/p>\n","protected":false},"author":1,"featured_media":0,"comment_status":"closed","ping_status":"closed","sticky":false,"template":"","format":"standard","meta":{"ngg_post_thumbnail":0,"footnotes":""},"categories":[6],"tags":[],"class_list":["post-847","post","type-post","status-publish","format-standard","hentry","category-caths-info"],"_links":{"self":[{"href":"https:\/\/www.caths.cz\/wordpress\/wp-json\/wp\/v2\/posts\/847","targetHints":{"allow":["GET"]}}],"collection":[{"href":"https:\/\/www.caths.cz\/wordpress\/wp-json\/wp\/v2\/posts"}],"about":[{"href":"https:\/\/www.caths.cz\/wordpress\/wp-json\/wp\/v2\/types\/post"}],"author":[{"embeddable":true,"href":"https:\/\/www.caths.cz\/wordpress\/wp-json\/wp\/v2\/users\/1"}],"replies":[{"embeddable":true,"href":"https:\/\/www.caths.cz\/wordpress\/wp-json\/wp\/v2\/comments?post=847"}],"version-history":[{"count":0,"href":"https:\/\/www.caths.cz\/wordpress\/wp-json\/wp\/v2\/posts\/847\/revisions"}],"wp:attachment":[{"href":"https:\/\/www.caths.cz\/wordpress\/wp-json\/wp\/v2\/media?parent=847"}],"wp:term":[{"taxonomy":"category","embeddable":true,"href":"https:\/\/www.caths.cz\/wordpress\/wp-json\/wp\/v2\/categories?post=847"},{"taxonomy":"post_tag","embeddable":true,"href":"https:\/\/www.caths.cz\/wordpress\/wp-json\/wp\/v2\/tags?post=847"}],"curies":[{"name":"wp","href":"https:\/\/api.w.org\/{rel}","templated":true}]}}