{"id":832,"date":"2008-10-16T12:24:29","date_gmt":"2008-10-16T11:24:29","guid":{"rendered":"http:\/\/www.caths.cz\/wordpress\/?p=832"},"modified":"2008-10-16T12:24:29","modified_gmt":"2008-10-16T11:24:29","slug":"kam-kracis-cyklistiko-handicapovanych","status":"publish","type":"post","link":"https:\/\/www.caths.cz\/wordpress\/kam-kracis-cyklistiko-handicapovanych\/","title":{"rendered":"Kam kr\u00e1\u010d\u00ed\u0161, cyklistiko handicapovan\u00fdch?"},"content":{"rendered":"<p align=\"justify\">\nCyklistika handicapovan\u00fdch p\u0159ipom\u00edn\u00e1 ve struktu\u0159e IPC tak trochu \u201est\u00e1t ve st\u00e1t\u011b\u201c. V roce 2006 se vymanila z opatrovnictv\u00ed IPC, vstoupila jako plnohodnotn\u00fd \u010dlen pod spr\u00e1vcovstv\u00ed Mezin\u00e1rodn\u00ed cyklistick\u00e9 federace &#8211; UCI a od t\u00e9 doby m\u00edlov\u00fdmi kroky m\u00ed\u0159\u00ed kup\u0159edu, bez zbyte\u010dn\u00fdch \u0159e\u010d\u00ed a diskus\u00ed s jasn\u00fdm c\u00edlem, viz\u00ed i pl\u00e1ny do budoucna. <\/p>\n<p align=\"justify\"> \u00dapln\u00e1 profesionalizace p\u0159edn\u00edch z\u00e1vodn\u00edk\u016f, perfektn\u011b funguj\u00edc\u00ed realiza\u010dn\u00ed t\u00fdmy, ale nap\u0159\u00edklad i 20 sv\u011btov\u00fdch rekord\u016f na velodromu Laoshan v Pekingu a v\u00fdkony nad nimi\u017e se taj\u00ed dech, to je jen mal\u00fd obr\u00e1zek sou\u010dasn\u00e9 cyklistiky handicapovan\u00fdch. <\/p>\n<p> B\u011bhem paralympi\u00e1dy v Pekingu se konalo celosv\u011btov\u00e9 cyklistick\u00e9 f\u00f3rum. \u010ceskou cyklistiku zde zastupoval reprezenta\u010dn\u00ed tren\u00e9r Viktor Zapletal. <br \/> A jak\u00fd bude dal\u0161\u00ed v\u00fdvoj sv\u011btov\u00e9 cyklistiky handicapovan\u00fdch? <\/p>\n<p><strong> Kategorie<\/strong> \u2013 i v cyklistice doch\u00e1z\u00ed k tolik diskutovan\u00e9mu slu\u010dov\u00e1n\u00ed kategori\u00ed. Ov\u0161em s rozd\u00edlem, \u017ee cyklist\u00e9 p\u0159ij\u00edmaj\u00ed tuto skute\u010dnost zcela klidn\u011b a\u017e lhostejn\u011b. Asi nejlep\u0161\u00ed koment\u00e1\u0159 za v\u0161echny je n\u00e1zor paralympijsk\u00e9ho v\u00edt\u011bze Ji\u0159\u00edho Je\u017eka: \u201eB\u011bhem roku stejn\u011b z\u00e1vod\u00edme s profesion\u00e1ly, tak\u017ee slu\u010dov\u00e1n\u00ed kategori\u00ed n\u00e1m nijak nevad\u00ed. Naopak, bereme to jako v\u00fdzvu&#8230;\u201c Pro dal\u0161\u00ed roky se po\u010d\u00edt\u00e1 se zaveden\u00edm 5 kategori\u00ed stoj\u00edc\u00edch cyklist\u016f, 4 kategori\u00ed handbike a 2 kategori\u00ed tricykl\u016f. <\/p>\n<p> <strong>Sv\u011btov\u00fd poh\u00e1r<\/strong> \u2013 na z\u00e1klad\u011b p\u0159ijat\u00e9ho n\u00e1vrhu, kter\u00fd podala v zim\u011b na\u0161e Komise handicapovan\u00fdch \u010cSC, se bude od roku 2010 konat Sv\u011btov\u00fd poh\u00e1r handicapovan\u00fdch a to jak dr\u00e1hov\u00fd, tak i silni\u010dn\u00ed. SP na dr\u00e1ze bude po\u0159\u00e1d\u00e1n od \u0159\u00edjna do kv\u011btna, celkem bude zahrnovat 4 z\u00e1vody v Asii\/Oce\u00e1nii, Americe a Evrop\u011b. Silni\u010dn\u00ed SP m\u00e1 obdobn\u00fd charakter, z\u00e1vody se uskute\u010dn\u00ed od dubna do z\u00e1\u0159\u00ed. <\/p>\n<p> <strong> Bodov\u00e1n\u00ed<\/strong> \u2013 bodov\u00e1ny budou pouze z\u00e1vody za\u0159azen\u00e9 do kalend\u00e1\u0159e UCI, s \u00farovn\u00ed minim\u00e1ln\u011b kontinent\u00e1ln\u00ed, nap\u0159. Evropsk\u00fd poh\u00e1r. Tyto body, kter\u00e9 z\u00e1vodn\u00edci jednotliv\u00fdch zem\u00ed z\u00edskaj\u00ed, se budou s\u010d\u00edtat a n\u00e1sledn\u011b se stanou podkladem pro stanoven\u00ed nomina\u010dn\u00ed kv\u00f3ty z\u00e1vodn\u00edk\u016f pro MS a paralympi\u00e1dy. N\u00e1rodn\u00ed z\u00e1vody a poh\u00e1ry, v\u010detn\u011b mistrovstv\u00ed zem\u011b, pak budou m\u00edt charakter \u010dist\u011b nomina\u010dn\u00ed, tak, jak to je v cyklistice b\u011b\u017en\u00e9. <\/p>\n<p> <strong> Ml\u00e1de\u017e<\/strong> \u2013 program nezapom\u00edn\u00e1 ani na p\u00e9\u010di o mlad\u00e9 z\u00e1vodn\u00edky. Budou m\u00edt vlastn\u00ed kategorii do 23 let na SP, vedouc\u00ed jezdci pak obl\u00e9knou b\u00edl\u00fd trikot, jako tomu je nap\u0159. na Tour de France. <\/p>\n<p> <strong> Rozvojov\u00e9 zem\u011b<\/strong> \u2013 samoz\u0159ejmost\u00ed je i rozvoj v\u00fdkonnostn\u00ed cyklistiky v zem\u00edch, kde kolo slou\u017e\u00ed \u010dist\u011b jako dopravn\u00ed prost\u0159edek. P\u0159\u00edkladem je Africk\u00fd program. V Africe UCI pl\u00e1nuje hned n\u011bkolik aktivit: celosv\u011btov\u00fd tr\u00e9ninkov\u00fd camp, uspo\u0159\u00e1d\u00e1n\u00ed z\u00e1vodu Tour du Burkina Faso, otev\u0159en\u00e9 mistrovstv\u00ed Afriky, ale nap\u0159. i st\u00e1\u017ee tren\u00e9r\u016f sv\u011btov\u00fdch cyklistick\u00fdch velmoc\u00ed a materi\u00e1lovou pomoc. Viz\u00ed do budoucna je pak uspo\u0159\u00e1d\u00e1n\u00ed mistrovstv\u00ed sv\u011bta na africk\u00e9m kontinentu. <\/p>\n<p> Cyklist\u00e9 se tedy maj\u00ed na co t\u011b\u0161it a my douf\u00e1me, \u017ee \u00fasp\u011b\u0161n\u00fd \u010desk\u00fd t\u00fdm, kter\u00fd skon\u010dil v Pekingu v hodnocen\u00ed n\u00e1rod\u016f na vynikaj\u00edc\u00edm 5. m\u00edst\u011b za \u010c\u00ednou, Austr\u00e1li\u00ed, USA a N\u011bmeckem a v dlouhodob\u00e9m celosv\u011btov\u00e9m \u017eeb\u0159\u00ed\u010dku mu pat\u0159\u00ed 4. p\u0159\u00ed\u010dka, potvrd\u00ed sv\u00e9 postaven\u00ed hned v roce p\u0159\u00ed\u0161t\u00edm, na MS v Seville. <\/p>\n<p> <img decoding=\"async\" src=\"\/wordpress\/image\/k_clankum\/ilcyk.jpg\"><\/p>\n","protected":false},"excerpt":{"rendered":"<a href=\"https:\/\/www.caths.cz\/wordpress\/kam-kracis-cyklistiko-handicapovanych\/\"><img loading=\"lazy\" decoding=\"async\" width=\"100\" height=\"100\" src=\"https:\/\/www.caths.cz\/wordpress\/wp-content\/plugins\/thumbnail-for-excerpts\/tfe_no_thumb.png\" class=\"alignleft wp-post-image tfe\" alt=\"\" title=\"\" \/><\/a><p>Cyklistika handicapovan\u00fdch p\u0159ipom\u00edn\u00e1 ve struktu\u0159e IPC tak trochu \u201est\u00e1t ve st\u00e1t\u011b\u201c. V roce 2006 se vymanila z opatrovnictv\u00ed IPC, vstoupila jako plnohodnotn\u00fd \u010dlen pod spr\u00e1vcovstv\u00ed Mezin\u00e1rodn\u00ed cyklistick\u00e9 federace &#8211; UCI [&hellip;]<\/p>\n","protected":false},"author":1,"featured_media":0,"comment_status":"closed","ping_status":"closed","sticky":false,"template":"","format":"standard","meta":{"ngg_post_thumbnail":0,"footnotes":""},"categories":[2],"tags":[],"class_list":["post-832","post","type-post","status-publish","format-standard","hentry","category-cyklistika"],"_links":{"self":[{"href":"https:\/\/www.caths.cz\/wordpress\/wp-json\/wp\/v2\/posts\/832","targetHints":{"allow":["GET"]}}],"collection":[{"href":"https:\/\/www.caths.cz\/wordpress\/wp-json\/wp\/v2\/posts"}],"about":[{"href":"https:\/\/www.caths.cz\/wordpress\/wp-json\/wp\/v2\/types\/post"}],"author":[{"embeddable":true,"href":"https:\/\/www.caths.cz\/wordpress\/wp-json\/wp\/v2\/users\/1"}],"replies":[{"embeddable":true,"href":"https:\/\/www.caths.cz\/wordpress\/wp-json\/wp\/v2\/comments?post=832"}],"version-history":[{"count":0,"href":"https:\/\/www.caths.cz\/wordpress\/wp-json\/wp\/v2\/posts\/832\/revisions"}],"wp:attachment":[{"href":"https:\/\/www.caths.cz\/wordpress\/wp-json\/wp\/v2\/media?parent=832"}],"wp:term":[{"taxonomy":"category","embeddable":true,"href":"https:\/\/www.caths.cz\/wordpress\/wp-json\/wp\/v2\/categories?post=832"},{"taxonomy":"post_tag","embeddable":true,"href":"https:\/\/www.caths.cz\/wordpress\/wp-json\/wp\/v2\/tags?post=832"}],"curies":[{"name":"wp","href":"https:\/\/api.w.org\/{rel}","templated":true}]}}