{"id":829,"date":"2008-10-14T08:34:48","date_gmt":"2008-10-14T07:34:48","guid":{"rendered":"http:\/\/www.caths.cz\/wordpress\/?p=829"},"modified":"2008-10-14T08:34:48","modified_gmt":"2008-10-14T07:34:48","slug":"pozadejte-si-o-grant-na-sportovni-cinnost","status":"publish","type":"post","link":"https:\/\/www.caths.cz\/wordpress\/pozadejte-si-o-grant-na-sportovni-cinnost\/","title":{"rendered":"Po\u017e\u00e1dejte si o grant na sportovn\u00ed \u010dinnost"},"content":{"rendered":"<p align=\"justify\">Uch\u00e1zet se o pen\u00edze na sportovn\u00ed \u010dinnost v p\u0159\u00ed\u0161t\u00edm roce mohou st\u0159edo\u010desk\u00e9 kluby, sdru\u017een\u00ed i \u0161koly. Do 14. listopadu p\u0159ij\u00edm\u00e1 podatelna Krajsk\u00e9ho \u00fa\u0159adu St\u0159edo\u010desk\u00e9ho kraje ve Zborovsk\u00e9 ulici v Praze \u017e\u00e1dosti o granty z krajsk\u00e9ho fondu sportu a voln\u00e9ho \u010dasu. <\/p>\n<p align=\"justify\"> P\u0159\u00edsp\u011bvky lze z\u00edskat jak na podporu \u010dinnosti (v\u010detn\u011b odm\u011bn tren\u00e9r\u016f a vedouc\u00edch ml\u00e1de\u017ee a handicapovan\u00fdch sportovc\u016f), tak na opravy a dovybaven\u00ed ve\u0159ejn\u011b p\u0159\u00edstupn\u00fdch sportovn\u00edch za\u0159\u00edzen\u00ed nebo na budov\u00e1n\u00ed nov\u00fdch. Dotovat je mo\u017en\u00e9 i po\u0159\u00e1d\u00e1n\u00ed sportovn\u00edch akc\u00ed celost\u00e1tn\u00edho nebo mezin\u00e1rodn\u00edho v\u00fdznamu, nebo naopak v\u00fdjezdy reprezentuj\u00edc\u00ed St\u0159edo\u010desk\u00fd kraj v jin\u00fdch regionech i v zahrani\u010d\u00ed. Podrobn\u00e9 informace najdou z\u00e1jemci na krajsk\u00e9m webu <a href=\"http:\/\/www.stredocech.cz\"><font color=\"#0066CC\">www.stredocech.cz <\/font><\/a> . <\/p>\n","protected":false},"excerpt":{"rendered":"<a href=\"https:\/\/www.caths.cz\/wordpress\/pozadejte-si-o-grant-na-sportovni-cinnost\/\"><img loading=\"lazy\" decoding=\"async\" width=\"100\" height=\"100\" src=\"https:\/\/www.caths.cz\/wordpress\/wp-content\/plugins\/thumbnail-for-excerpts\/tfe_no_thumb.png\" class=\"alignleft wp-post-image tfe\" alt=\"\" title=\"\" \/><\/a><p>Uch\u00e1zet se o pen\u00edze na sportovn\u00ed \u010dinnost v p\u0159\u00ed\u0161t\u00edm roce mohou st\u0159edo\u010desk\u00e9 kluby, sdru\u017een\u00ed i \u0161koly. Do 14. listopadu p\u0159ij\u00edm\u00e1 podatelna Krajsk\u00e9ho \u00fa\u0159adu St\u0159edo\u010desk\u00e9ho kraje ve Zborovsk\u00e9 ulici v Praze [&hellip;]<\/p>\n","protected":false},"author":1,"featured_media":0,"comment_status":"closed","ping_status":"closed","sticky":false,"template":"","format":"standard","meta":{"ngg_post_thumbnail":0,"footnotes":""},"categories":[6],"tags":[],"class_list":["post-829","post","type-post","status-publish","format-standard","hentry","category-caths-info"],"_links":{"self":[{"href":"https:\/\/www.caths.cz\/wordpress\/wp-json\/wp\/v2\/posts\/829","targetHints":{"allow":["GET"]}}],"collection":[{"href":"https:\/\/www.caths.cz\/wordpress\/wp-json\/wp\/v2\/posts"}],"about":[{"href":"https:\/\/www.caths.cz\/wordpress\/wp-json\/wp\/v2\/types\/post"}],"author":[{"embeddable":true,"href":"https:\/\/www.caths.cz\/wordpress\/wp-json\/wp\/v2\/users\/1"}],"replies":[{"embeddable":true,"href":"https:\/\/www.caths.cz\/wordpress\/wp-json\/wp\/v2\/comments?post=829"}],"version-history":[{"count":0,"href":"https:\/\/www.caths.cz\/wordpress\/wp-json\/wp\/v2\/posts\/829\/revisions"}],"wp:attachment":[{"href":"https:\/\/www.caths.cz\/wordpress\/wp-json\/wp\/v2\/media?parent=829"}],"wp:term":[{"taxonomy":"category","embeddable":true,"href":"https:\/\/www.caths.cz\/wordpress\/wp-json\/wp\/v2\/categories?post=829"},{"taxonomy":"post_tag","embeddable":true,"href":"https:\/\/www.caths.cz\/wordpress\/wp-json\/wp\/v2\/tags?post=829"}],"curies":[{"name":"wp","href":"https:\/\/api.w.org\/{rel}","templated":true}]}}