{"id":826,"date":"2008-10-07T13:11:13","date_gmt":"2008-10-07T12:11:13","guid":{"rendered":"http:\/\/www.caths.cz\/wordpress\/?p=826"},"modified":"2008-10-07T13:11:13","modified_gmt":"2008-10-07T12:11:13","slug":"pekingske-fotoohlednuti-3-dobrovolnici","status":"publish","type":"post","link":"https:\/\/www.caths.cz\/wordpress\/pekingske-fotoohlednuti-3-dobrovolnici\/","title":{"rendered":"Pekingsk\u00e9 fotoohl\u00e9dnut\u00ed 3 &#8211; dobrovoln\u00edci"},"content":{"rendered":"<p align=\"justify\">Dne\u0161n\u00ed fotografie by m\u011bly b\u00fdt mal\u00fdm pod\u011bkov\u00e1n\u00edm skv\u011bl\u00fdm \u010d\u00ednsk\u00fdm dobrovoln\u00edk\u016fm<br \/>\nFoto: J.Linger, V.Zapletal a spr\u00e1vcov\u00e1..<\/p>\n<p><img decoding=\"async\" src=\"\/wordpress\/image\/k_clankum\/beijing3\/1.jpg\"><\/p>\n<p> <img decoding=\"async\" src=\"\/wordpress\/image\/k_clankum\/beijing3\/2.jpg\"><\/p>\n<p> <img decoding=\"async\" src=\"\/wordpress\/image\/k_clankum\/beijing3\/3.jpg\"><\/p>\n<p> <img decoding=\"async\" src=\"\/wordpress\/image\/k_clankum\/beijing3\/4.JPG\"><\/p>\n<p> <img decoding=\"async\" src=\"\/wordpress\/image\/k_clankum\/beijing3\/5.jpg\"><\/p>\n<p> <img decoding=\"async\" src=\"\/wordpress\/image\/k_clankum\/beijing3\/6.jpg\"><\/p>\n<p> <img decoding=\"async\" src=\"\/wordpress\/image\/k_clankum\/beijing3\/7.jpg\"><\/p>\n<p> <img decoding=\"async\" src=\"\/wordpress\/image\/k_clankum\/beijing3\/8.jpg\"><\/p>\n<p> <img decoding=\"async\" src=\"\/wordpress\/image\/k_clankum\/beijing3\/9.jpg\"><\/p>\n<p> <img decoding=\"async\" src=\"\/wordpress\/image\/k_clankum\/beijing3\/10.jpg\"><\/p>\n<p> <img decoding=\"async\" src=\"\/wordpress\/image\/k_clankum\/beijing3\/11.jpg\"><\/p>\n<p> <img decoding=\"async\" src=\"\/wordpress\/image\/k_clankum\/beijing3\/12.jpg\"><\/p>\n<p> <img decoding=\"async\" src=\"\/wordpress\/image\/k_clankum\/beijing3\/13.jpg\"><\/p>\n","protected":false},"excerpt":{"rendered":"<a href=\"https:\/\/www.caths.cz\/wordpress\/pekingske-fotoohlednuti-3-dobrovolnici\/\"><img loading=\"lazy\" decoding=\"async\" width=\"100\" height=\"100\" src=\"https:\/\/www.caths.cz\/wordpress\/wp-content\/plugins\/thumbnail-for-excerpts\/tfe_no_thumb.png\" class=\"alignleft wp-post-image tfe\" alt=\"\" title=\"\" \/><\/a><p>Dne\u0161n\u00ed fotografie by m\u011bly b\u00fdt mal\u00fdm pod\u011bkov\u00e1n\u00edm skv\u011bl\u00fdm \u010d\u00ednsk\u00fdm dobrovoln\u00edk\u016fm Foto: J.Linger, V.Zapletal a spr\u00e1vcov\u00e1..<\/p>\n","protected":false},"author":1,"featured_media":0,"comment_status":"closed","ping_status":"closed","sticky":false,"template":"","format":"standard","meta":{"ngg_post_thumbnail":0,"footnotes":""},"categories":[8],"tags":[],"class_list":["post-826","post","type-post","status-publish","format-standard","hentry","category-fotoreporty"],"_links":{"self":[{"href":"https:\/\/www.caths.cz\/wordpress\/wp-json\/wp\/v2\/posts\/826","targetHints":{"allow":["GET"]}}],"collection":[{"href":"https:\/\/www.caths.cz\/wordpress\/wp-json\/wp\/v2\/posts"}],"about":[{"href":"https:\/\/www.caths.cz\/wordpress\/wp-json\/wp\/v2\/types\/post"}],"author":[{"embeddable":true,"href":"https:\/\/www.caths.cz\/wordpress\/wp-json\/wp\/v2\/users\/1"}],"replies":[{"embeddable":true,"href":"https:\/\/www.caths.cz\/wordpress\/wp-json\/wp\/v2\/comments?post=826"}],"version-history":[{"count":0,"href":"https:\/\/www.caths.cz\/wordpress\/wp-json\/wp\/v2\/posts\/826\/revisions"}],"wp:attachment":[{"href":"https:\/\/www.caths.cz\/wordpress\/wp-json\/wp\/v2\/media?parent=826"}],"wp:term":[{"taxonomy":"category","embeddable":true,"href":"https:\/\/www.caths.cz\/wordpress\/wp-json\/wp\/v2\/categories?post=826"},{"taxonomy":"post_tag","embeddable":true,"href":"https:\/\/www.caths.cz\/wordpress\/wp-json\/wp\/v2\/tags?post=826"}],"curies":[{"name":"wp","href":"https:\/\/api.w.org\/{rel}","templated":true}]}}