{"id":816,"date":"2008-09-28T20:24:58","date_gmt":"2008-09-28T19:24:58","guid":{"rendered":"http:\/\/www.caths.cz\/wordpress\/?p=816"},"modified":"2008-09-28T20:24:58","modified_gmt":"2008-09-28T19:24:58","slug":"otevreny-dopis-paralympijske-vitezky-evy-kacanu-clenum-ceske-paralympijske-vypravy-v-pekingu","status":"publish","type":"post","link":"https:\/\/www.caths.cz\/wordpress\/otevreny-dopis-paralympijske-vitezky-evy-kacanu-clenum-ceske-paralympijske-vypravy-v-pekingu\/","title":{"rendered":"Otev\u0159en\u00fd dopis paralympijsk\u00e9 v\u00edt\u011bzky Evy Kacanu \u010dlen\u016fm \u010cesk\u00e9 paralympijsk\u00e9 v\u00fdpravy v Pekingu"},"content":{"rendered":"<p align=\"justify\"> Ahoj v\u0161em,<\/p>\n<p> moc v\u00e1s v\u0161echny zdrav\u00edm z Han\u00e9 z m\u011bsta Olomouc. Cht\u011bla bych v\u00e1s touto cestou moc pozdravit, a proto\u017ee jsem s v\u011bt\u0161inou z v\u00e1s nem\u011bla mo\u017enost se s v\u00e1mi na leti\u0161ti v Praze rozlou\u010dit, \u010din\u00edm tak dodate\u010dn\u011b. P\u0159eci jen jsme byli 3 t\u00fddny spole\u010dn\u011b v jednom dom\u011b \ud83d\ude42<\/p>\n<p> V\u0161em sportovc\u016f d\u011bkuji za podporu a hlavn\u011b p\u0159eji hodn\u011b energie do dal\u0161\u00edch sportovn\u00edch z\u00e1polen\u00ed, obzvl\u00e1\u0161t\u011b v\u00e1m, kdo jste doplatili na slu\u010dov\u00e1n\u00ed nebo nervozitu, zdravotn\u00ed probl\u00e9m atp. p\u0159eji, aby v\u00e1s to neodradilo, abyste na\u0161li s\u00edlu a energii do dal\u0161\u00edho sportov\u00e1n\u00ed. Jsem p\u0159esv\u011bd\u010dena, \u017ee v\u0161ichni jsme do toho dali v\u0161e, a tak si tak\u00e9 v\u0161ichni zaslou\u017e\u00ed velk\u00fd obdiv a ocen\u011bn\u00ed a pochvalu. Nikdo tam p\u0159ece nejel jen pro sv\u00e9 kr\u00e1sn\u00e9 o\u010di, ale proto\u017ee si to vybojoval. Na to pros\u00edm nezapome\u0148te!<\/p>\n<p> Doprovod\u016fm d\u011bkuji za to, \u017ee se sna\u017eili n\u00e1m v maxim\u00e1ln\u00ed mo\u017en\u00e9 m\u00ed\u0159e b\u00fdt n\u00e1pomocni, fandili n\u00e1m a podporovali n\u00e1s, jak nejl\u00e9pe mohli (n\u011bkte\u0159\u00ed v\u00edce, n\u011bkte\u0159\u00ed bohu\u017eel m\u00e9n\u011b, ale to je v\u011bc ka\u017ed\u00e9ho a jeho sv\u011bdom\u00ed).<\/p>\n<p> Pod\u011bkov\u00e1n\u00ed pat\u0159\u00ed t\u00e9\u017e Jardovi K\u0159e\u010dkovi za jeho pr\u00e1ci, p\u0159\u00edstup a hlavn\u011b nestrannost.Jardo d\u00ed\u00ed\u00ed\u00edky!<\/p>\n<p> Velk\u00fd obdiv, uzn\u00e1n\u00ed a hlavn\u011b pod\u011bkov\u00e1n\u00ed si zaslou\u017e\u00ed l\u00e9ka\u0159ka t\u00fdmu Ljuba, kter\u00e1 byla v\u017edy p\u0159ipravena o\u0161et\u0159it na\u0161e bol\u00edstky. Ne v\u017edy to s n\u011bkter\u00fdmi z n\u00e1s m\u011bla jednoduch\u00e9, a p\u0159esto byla v\u017edy pe\u010dliv\u00e1, mil\u00e1 a usm\u011bvav\u00e1.<\/p>\n<p> Pod\u011bkov\u00e1n\u00ed pat\u0159\u00ed Romanovi a Denisovi mimo jin\u00e9 za vytvo\u0159en\u00ed kr\u00e1sn\u00e9ho DVD, Peking 2008.<\/p>\n<p> D\u011bkuji t\u00e9\u017e Monice za jej\u00ed p\u0159\u00edstup ,fand\u011bn\u00ed na d\u00e1lku a hlavn\u011b veselou mysl.<\/p>\n<p> M\u00e9 pod\u011bkov\u00e1n\u00ed pat\u0159\u00ed tak\u00e9 Tonymu za jeho tlumo\u010den\u00ed a fand\u011bn\u00ed.<\/p>\n<p> Z\u00e1v\u011brem v\u00e1m v\u0161em je\u0161t\u011b jednou p\u0159eji, a\u0165 se v\u00e1m da\u0159\u00ed jak ve sportovn\u00edm, tak v osobn\u00edm \u017eivot\u011b, a hlavn\u011b zdrav\u00ed\u010dko a\u0165 slou\u017e\u00ed co nejl\u00e9pe, pak jde v\u0161echno l\u00e9pe.V\u011b\u0159te mi j\u00e1 to zn\u00e1m. \ud83d\ude42<\/p>\n<p> Ahoj v\u0161em a t\u011b\u0161\u00edm se, \u017ee se n\u011bkdy n\u011bkde sejdeme,<\/p>\n<p> Eva Kacanu, \u010d\u00e1ste\u010dn\u00e1 rekreantka z Pekingu<\/p>\n","protected":false},"excerpt":{"rendered":"<a href=\"https:\/\/www.caths.cz\/wordpress\/otevreny-dopis-paralympijske-vitezky-evy-kacanu-clenum-ceske-paralympijske-vypravy-v-pekingu\/\"><img loading=\"lazy\" decoding=\"async\" width=\"100\" height=\"100\" src=\"https:\/\/www.caths.cz\/wordpress\/wp-content\/plugins\/thumbnail-for-excerpts\/tfe_no_thumb.png\" class=\"alignleft wp-post-image tfe\" alt=\"\" title=\"\" \/><\/a><p>Ahoj v\u0161em, moc v\u00e1s v\u0161echny zdrav\u00edm z Han\u00e9 z m\u011bsta Olomouc. Cht\u011bla bych v\u00e1s touto cestou moc pozdravit, a proto\u017ee jsem s v\u011bt\u0161inou z v\u00e1s nem\u011bla mo\u017enost se s v\u00e1mi [&hellip;]<\/p>\n","protected":false},"author":1,"featured_media":0,"comment_status":"closed","ping_status":"closed","sticky":false,"template":"","format":"standard","meta":{"ngg_post_thumbnail":0,"footnotes":""},"categories":[44],"tags":[],"class_list":["post-816","post","type-post","status-publish","format-standard","hentry","category-lph-peking-2008"],"_links":{"self":[{"href":"https:\/\/www.caths.cz\/wordpress\/wp-json\/wp\/v2\/posts\/816","targetHints":{"allow":["GET"]}}],"collection":[{"href":"https:\/\/www.caths.cz\/wordpress\/wp-json\/wp\/v2\/posts"}],"about":[{"href":"https:\/\/www.caths.cz\/wordpress\/wp-json\/wp\/v2\/types\/post"}],"author":[{"embeddable":true,"href":"https:\/\/www.caths.cz\/wordpress\/wp-json\/wp\/v2\/users\/1"}],"replies":[{"embeddable":true,"href":"https:\/\/www.caths.cz\/wordpress\/wp-json\/wp\/v2\/comments?post=816"}],"version-history":[{"count":0,"href":"https:\/\/www.caths.cz\/wordpress\/wp-json\/wp\/v2\/posts\/816\/revisions"}],"wp:attachment":[{"href":"https:\/\/www.caths.cz\/wordpress\/wp-json\/wp\/v2\/media?parent=816"}],"wp:term":[{"taxonomy":"category","embeddable":true,"href":"https:\/\/www.caths.cz\/wordpress\/wp-json\/wp\/v2\/categories?post=816"},{"taxonomy":"post_tag","embeddable":true,"href":"https:\/\/www.caths.cz\/wordpress\/wp-json\/wp\/v2\/tags?post=816"}],"curies":[{"name":"wp","href":"https:\/\/api.w.org\/{rel}","templated":true}]}}