{"id":806,"date":"2008-09-17T23:53:37","date_gmt":"2008-09-17T22:53:37","guid":{"rendered":"http:\/\/www.caths.cz\/wordpress\/?p=806"},"modified":"2008-09-17T23:53:37","modified_gmt":"2008-09-17T22:53:37","slug":"jeden-pribeh-za-vsechny","status":"publish","type":"post","link":"https:\/\/www.caths.cz\/wordpress\/jeden-pribeh-za-vsechny\/","title":{"rendered":"Jeden p\u0159\u00edb\u011bh za v\u0161echny"},"content":{"rendered":"<p>Na paralympi\u00e1d\u011b z\u00e1vodilo mnoho sportovc\u016f se zaj\u00edmav\u00fdmi osudy. Jeden takov\u00fd je pops\u00e1n v n\u00e1sleduj\u00edc\u00edm \u010dl\u00e1nku<\/p>\n<p><strong>Jana Fesslov\u00e1: Na paralympi\u00e1d\u011b dobojovala, te\u010f ji \u010dek\u00e1 boj nejt\u011b\u017e\u0161\u00ed<\/strong><\/p>\n<p>Jana Fesslov\u00e1 svou paralympijskou misi splnila. Te\u010f ji \u010dek\u00e1 t\u011b\u017e\u0161\u00ed boj. P\u0159ed rokem a p\u016fl j\u00ed l\u00e9ka\u0159i diagnostikovali rakovinotvorn\u00fd n\u00e1dor na plic\u00edch. <\/p>\n<p>Jednat\u0159icetiletou sportovkyni st\u00edh\u00e1 r\u00e1na za ranou. \u201eKdy\u017e u\u017e se \u010dlov\u011bk z jedn\u00e9 v\u011bci vyl\u00ed\u017ee, spadne hned do druh\u00e9,\u201c popisuje okam\u017eik, kdy se dozv\u011bd\u011bla, \u017ee m\u00e1 rakovinu. Na ja\u0159e 2007 byla v pln\u00e9 p\u0159\u00edprav\u011b na Peking. V At\u00e9n\u00e1ch j\u00ed klasifik\u00e1to\u0159i sebrali zlatou medaili, ale Jana se rozhodla bojovat d\u00e1l a v\u0161em uk\u00e1zat, \u017ee dok\u00e1\u017ee usp\u011bt i o skupinu v\u00fd\u0161. Kdy\u017e se kone\u010dn\u011b za\u010d\u00ednala vyrovn\u00e1vat sv\u00fdm soupe\u0159k\u00e1m, zasko\u010dila ji zpr\u00e1va o nemoci. <\/p>\n<p> \u201ePrvn\u00ed pocity byly stra\u0161n\u00e9. Kdy\u017e mi \u0159ekli, jak v\u00e1\u017en\u00e9 onemocn\u011bn\u00ed m\u00e1m, hned m\u011b napadlo, \u017ee je to kone\u010dn\u00e1. Nicm\u00e9n\u011b m\u00e1m takov\u00e9 rodinn\u00e9 z\u00e1zem\u00ed, \u017ee jsem to nemohla vzd\u00e1t. Za posledn\u00edch dev\u011bt let mi p\u0159i ka\u017ed\u00e9m pr\u016f\u0161vihu \u2013 po\u010d\u00ednaje \u00farazem, po kter\u00e9m jsem skon\u010dila na voz\u00edku \u2013 byl nesm\u00edrnou oporou Pepa. \u0158\u00edkala jsem si, \u017ee ten m\u016fj mu\u017eskej si nezaslou\u017e\u00ed, abych to vzdala. To pro m\u011b byla nejv\u011bt\u0161\u00ed motivace. Samoz\u0159ejm\u011b d\u00edl\u010d\u00ed motivac\u00ed byl i Peking a sportovn\u00ed kari\u00e9ra, ale tou nejv\u011bt\u0161\u00ed hybnou silou byl m\u016fj \u017eivot s man\u017eelem,\u201c l\u00ed\u010d\u00ed, jak pro\u017e\u00edvala smutnou zpr\u00e1vu l\u00e9ka\u0159\u016f. <\/p>\n<p>Byla zdeptan\u00e1. \u201eSlo\u017eilo m\u011b to v\u00edc psychicky ne\u017e fyzicky. Sna\u017e\u00edm se b\u00fdt samostatn\u00e1, ale b\u011bhem l\u00e9\u010dby jsem musela daleko v\u00edc vyu\u017e\u00edvat slu\u017eeb lid\u00ed okolo. A to jsem v prvn\u00ed chv\u00edli neunesla,\u201c vzpom\u00edn\u00e1 na nelehk\u00e9 za\u010d\u00e1tky. Ani p\u0159i tr\u00e9ninku to nebylo takov\u00e9 jako d\u0159\u00edv: \u201eOmezovalo m\u011b to hodn\u011b. M\u011bla jsem probl\u00e9my s d\u00fdch\u00e1n\u00edm a s bolest\u00ed, kter\u00e1 mi \u0161la a\u017e do ruky. Kdy\u017e c\u00edt\u00edte bolest v \u010d\u00e1sti t\u011bla, kterou m\u00e1te p\u0159i h\u00e1zen\u00ed pou\u017e\u00edvat, tak je to probl\u00e9m.\u201c <\/p>\n<p>S rakovinou se v\u0161ak sna\u017eila \u017e\u00edt d\u00e1l, jako by se nic ned\u011blo, jako by \u017e\u00e1dn\u00e1 omezen\u00ed nem\u011bla. P\u0159ihl\u00e1sila se na vysokou \u0161kolu, d\u00e1lkov\u011b studuje v Olomouci obor aplikovan\u00e9 pohybov\u00e9 aktivity. A denn\u011b tr\u00e9novala na paralympi\u00e1du. \u201eRozhodla jsem se, \u017ee to ur\u010dit\u011b p\u016fjde. A postupn\u011b to pochopili v\u0161ichni kolem m\u011b v\u010detn\u011b l\u00e9ka\u0159\u016f, kte\u0159\u00ed se mnou bojovali mo\u017en\u00e1 v\u00edc ne\u017e se samotnou nemoc\u00ed. Kdy\u017e si n\u011bco vezmu do hlavy, jdu si za sv\u00fdm. P\u0159eru\u0161ila jsem hlavn\u00ed l\u00e9\u010dbu. \u010cek\u00e1 m\u011b na podzim po n\u00e1vratu dom\u016f,\u201c net\u011b\u0161\u00ed se na nep\u0159\u00edjemn\u00e9 chemoterapie. <\/p>\n<p>Rok a p\u016fl hr\u00e1la s nemoc\u00ed na schov\u00e1vanou. Tv\u00e1\u0159ila se, jako \u017ee je zdrav\u00e1. \u201eVlastn\u011b jsem se nel\u00e9\u010dila, ale jen se udr\u017eovala. Bylo to kv\u016fli tomu, abych se mohla p\u0159ipravovat na z\u00e1vody. Fyzick\u00e1 n\u00e1maha dohromady s l\u00e9\u010dbou by byla kontraproduktivn\u00ed,\u201c vysv\u011btluje. <\/p>\n<p>Sport Jan\u011b pom\u00e1h\u00e1 v tom, aby rakovinu jen pasivn\u011b nep\u0159ij\u00edmala, ale aby proti n\u00ed bojovala. \u201eV\u011b\u0159\u00edm, \u017ee jsem ve f\u00e1zi, kdy nad tou nemoc\u00ed vedu. U\u017e jsem se s n\u00ed s\u017eila. Nenad\u00e1v\u00e1m j\u00ed, jen ob\u010das j\u00ed \u0159eknu: P\u011bkn\u011b m\u011b sere\u0161, ale j\u00e1 jsem lep\u0161\u00ed!\u201c tvrd\u00ed. Sport j\u00ed tak\u00e9 pom\u00e1h\u00e1 v\u00e1\u017eit si sebe sama: \u201eNazvala bych to sebeuv\u011bdom\u011bn\u00ed. \u017de \u010dlov\u011bk zabojoval a nevzdal to.\u201c <\/p>\n<p>A\u017e zv\u00edt\u011bz\u00ed nad rakovinou, cht\u011bla by si splnit sv\u00e9 nejv\u011bt\u0161\u00ed p\u0159\u00e1n\u00ed. \u201eCht\u011bla bych rodinu. P\u0159\u00e1li bychom si m\u00edt aspo\u0148 jedno d\u011bcko,\u201c odkr\u00fdv\u00e1 sv\u00e9 \u017eivotn\u00ed priority. Jinak nic nepot\u0159ebuje, nic j\u00ed nechyb\u00ed a \u017eivot si u\u017e\u00edv\u00e1: \u201eJsem \u0161\u0165astn\u00fd \u010dlov\u011bk, m\u00e1m skv\u011bl\u00e9ho man\u017eela a mil\u00e9 lidi kolem sebe.\u201c A po studi\u00edch za\u010dne u\u010dit. \u201eNa Integrovan\u00e9 st\u0159edn\u00ed \u0161kole stavebn\u00ed v \u010cesk\u00fdch Bud\u011bjovic\u00edch mi nab\u00eddli, \u017ee pokud si dod\u011bl\u00e1m vysoko\u0161kolsk\u00e9 vzd\u011bl\u00e1n\u00ed, nab\u00eddnou mi pr\u00e1ci. R\u00e1da bych toho vyu\u017eila. Takov\u00e1 nab\u00eddka nep\u0159ich\u00e1z\u00ed tolikr\u00e1t za \u017eivot.\u201c <\/p>\n","protected":false},"excerpt":{"rendered":"<a href=\"https:\/\/www.caths.cz\/wordpress\/jeden-pribeh-za-vsechny\/\"><img loading=\"lazy\" decoding=\"async\" width=\"100\" height=\"100\" src=\"https:\/\/www.caths.cz\/wordpress\/wp-content\/plugins\/thumbnail-for-excerpts\/tfe_no_thumb.png\" class=\"alignleft wp-post-image tfe\" alt=\"\" title=\"\" \/><\/a><p>Na paralympi\u00e1d\u011b z\u00e1vodilo mnoho sportovc\u016f se zaj\u00edmav\u00fdmi osudy. Jeden takov\u00fd je pops\u00e1n v n\u00e1sleduj\u00edc\u00edm \u010dl\u00e1nku Jana Fesslov\u00e1: Na paralympi\u00e1d\u011b dobojovala, te\u010f ji \u010dek\u00e1 boj nejt\u011b\u017e\u0161\u00ed Jana Fesslov\u00e1 svou paralympijskou misi [&hellip;]<\/p>\n","protected":false},"author":1,"featured_media":0,"comment_status":"closed","ping_status":"closed","sticky":false,"template":"","format":"standard","meta":{"ngg_post_thumbnail":0,"footnotes":""},"categories":[44],"tags":[],"class_list":["post-806","post","type-post","status-publish","format-standard","hentry","category-lph-peking-2008"],"_links":{"self":[{"href":"https:\/\/www.caths.cz\/wordpress\/wp-json\/wp\/v2\/posts\/806","targetHints":{"allow":["GET"]}}],"collection":[{"href":"https:\/\/www.caths.cz\/wordpress\/wp-json\/wp\/v2\/posts"}],"about":[{"href":"https:\/\/www.caths.cz\/wordpress\/wp-json\/wp\/v2\/types\/post"}],"author":[{"embeddable":true,"href":"https:\/\/www.caths.cz\/wordpress\/wp-json\/wp\/v2\/users\/1"}],"replies":[{"embeddable":true,"href":"https:\/\/www.caths.cz\/wordpress\/wp-json\/wp\/v2\/comments?post=806"}],"version-history":[{"count":0,"href":"https:\/\/www.caths.cz\/wordpress\/wp-json\/wp\/v2\/posts\/806\/revisions"}],"wp:attachment":[{"href":"https:\/\/www.caths.cz\/wordpress\/wp-json\/wp\/v2\/media?parent=806"}],"wp:term":[{"taxonomy":"category","embeddable":true,"href":"https:\/\/www.caths.cz\/wordpress\/wp-json\/wp\/v2\/categories?post=806"},{"taxonomy":"post_tag","embeddable":true,"href":"https:\/\/www.caths.cz\/wordpress\/wp-json\/wp\/v2\/tags?post=806"}],"curies":[{"name":"wp","href":"https:\/\/api.w.org\/{rel}","templated":true}]}}