{"id":804,"date":"2008-09-17T19:38:47","date_gmt":"2008-09-17T18:38:47","guid":{"rendered":"http:\/\/www.caths.cz\/wordpress\/?p=804"},"modified":"2008-09-17T19:38:47","modified_gmt":"2008-09-17T18:38:47","slug":"xiii-letni-paralympijske-hry-skoncily-ceska-vyprava-skoncila-16-v-poradi-zemi","status":"publish","type":"post","link":"https:\/\/www.caths.cz\/wordpress\/xiii-letni-paralympijske-hry-skoncily-ceska-vyprava-skoncila-16-v-poradi-zemi\/","title":{"rendered":"XIII. letn\u00ed paralympijsk\u00e9 hry skon\u010dily, \u010desk\u00e1 v\u00fdprava skon\u010dila 16. v po\u0159ad\u00ed zem\u00ed"},"content":{"rendered":"<p>XIII. letn\u00ed paralympijsk\u00e9 hry ve st\u0159edu ve\u010der skon\u010dily slavnostn\u00edm ceremoni\u00e1lem. Pomysln\u00fd \u0161tafetov\u00fd kol\u00edk byl p\u0159ed\u00e1n do Lond\u00fdna, kde se XIV. letn\u00ed paralympijsk\u00e9 hry uskute\u010dn\u00ed od 29. srpna do 9. z\u00e1\u0159\u00ed 2012.<br \/> \u010ceskou vlajku na ov\u00e1l Pta\u010d\u00edho hn\u00edzda p\u0159ivezla plavkyn\u011b B\u011bla Hlav\u00e1\u010dkov\u00e1, kter\u00e1 v Pekingu z\u00edskala dv\u011b zlat\u00e9, st\u0159\u00edbrnou a bronzovou medaili. Hlav\u00e1\u010dkov\u00e1 a cyklista Ji\u0159\u00ed Je\u017eek se stali nej\u00fasp\u011b\u0161n\u011bj\u0161\u00edmi sportovci \u010desk\u00e9 v\u00fdpravy. <\/p>\n<p> \u010ce\u0161t\u00ed reprezentanti dok\u00e1zali vybojovat celkem 27 medail\u00ed, \u0161est zlat\u00fdch, t\u0159i st\u0159\u00edbrn\u00e9 a 18 bronzov\u00fdch. V medailov\u00e9m po\u0159ad\u00ed zem\u00ed obsadili 16 p\u0159\u00ed\u010dku, co\u017e znamen\u00e1 obrovsk\u00fd sportovn\u00ed \u00fasp\u011bch. Paralympijsk\u00fdm hr\u00e1m dominovali stejn\u011b jako t\u011bm olympijsk\u00fdm dom\u00e1c\u00ed \u010c\u00ed\u0148an\u00e9, kte\u0159\u00ed z\u00edskali neuv\u011b\u0159iteln\u00fdch 211 medail\u00ed, z toho 89 zlat\u00fdch. Druhou nej\u00fasp\u011b\u0161n\u011bj\u0161\u00ed zem\u00ed se stala Velk\u00e1 Brit\u00e1nie se 102 medailemi. Magick\u00e9 stovce se p\u0159ibl\u00ed\u017eili sportovci USA s 99 cenn\u00fdmi kovy.<\/p>\n<p> Do \u010desk\u00e9 medailov\u00e9 sb\u00edrky co do po\u010dtu nejv\u00edce p\u0159isp\u011bli stejn\u011b jako p\u0159ed \u010dty\u0159mi lety v At\u00e9n\u00e1ch atleti, kter\u00fdch se na plo\u0161e N\u00e1rodn\u00edho stadi\u00f3nu p\u0159edstavilo 25. Nejpo\u010detn\u011bj\u0161\u00ed \u010d\u00e1st \u010desk\u00e9 v\u00fdpravy vybojovala jednu zlatou a osm bronzov\u00fdch. Velice \u00fasp\u011b\u0161n\u00ed byli cyklist\u00e9 a plavci. Cyklist\u00e9 si z \u010c\u00edny odv\u00e1\u017eej\u00ed dv\u011b zlat\u00e9, dv\u011b st\u0159\u00edbrn\u00e9 a \u010dty\u0159i bronzov\u00e9 medaile. Plavci se postarali o dv\u011b zlata, jedno st\u0159\u00edbro a \u010dty\u0159i bronzy. <\/p>\n<p> Zlat\u00fdm dnem byl pro \u010deskou v\u00fdpravu hned druh\u00fd sout\u011b\u017en\u00ed den. V pond\u011bl\u00ed 8. 9. vybojovala \u010desk\u00e1 v\u00fdprava t\u0159i zlat\u00e9 a jeden bronz. <\/p>\n","protected":false},"excerpt":{"rendered":"<a href=\"https:\/\/www.caths.cz\/wordpress\/xiii-letni-paralympijske-hry-skoncily-ceska-vyprava-skoncila-16-v-poradi-zemi\/\"><img loading=\"lazy\" decoding=\"async\" width=\"100\" height=\"100\" src=\"https:\/\/www.caths.cz\/wordpress\/wp-content\/plugins\/thumbnail-for-excerpts\/tfe_no_thumb.png\" class=\"alignleft wp-post-image tfe\" alt=\"\" title=\"\" \/><\/a><p>XIII. letn\u00ed paralympijsk\u00e9 hry ve st\u0159edu ve\u010der skon\u010dily slavnostn\u00edm ceremoni\u00e1lem. Pomysln\u00fd \u0161tafetov\u00fd kol\u00edk byl p\u0159ed\u00e1n do Lond\u00fdna, kde se XIV. letn\u00ed paralympijsk\u00e9 hry uskute\u010dn\u00ed od 29. srpna do 9. z\u00e1\u0159\u00ed [&hellip;]<\/p>\n","protected":false},"author":1,"featured_media":0,"comment_status":"closed","ping_status":"closed","sticky":false,"template":"","format":"standard","meta":{"ngg_post_thumbnail":0,"footnotes":""},"categories":[44],"tags":[],"class_list":["post-804","post","type-post","status-publish","format-standard","hentry","category-lph-peking-2008"],"_links":{"self":[{"href":"https:\/\/www.caths.cz\/wordpress\/wp-json\/wp\/v2\/posts\/804","targetHints":{"allow":["GET"]}}],"collection":[{"href":"https:\/\/www.caths.cz\/wordpress\/wp-json\/wp\/v2\/posts"}],"about":[{"href":"https:\/\/www.caths.cz\/wordpress\/wp-json\/wp\/v2\/types\/post"}],"author":[{"embeddable":true,"href":"https:\/\/www.caths.cz\/wordpress\/wp-json\/wp\/v2\/users\/1"}],"replies":[{"embeddable":true,"href":"https:\/\/www.caths.cz\/wordpress\/wp-json\/wp\/v2\/comments?post=804"}],"version-history":[{"count":0,"href":"https:\/\/www.caths.cz\/wordpress\/wp-json\/wp\/v2\/posts\/804\/revisions"}],"wp:attachment":[{"href":"https:\/\/www.caths.cz\/wordpress\/wp-json\/wp\/v2\/media?parent=804"}],"wp:term":[{"taxonomy":"category","embeddable":true,"href":"https:\/\/www.caths.cz\/wordpress\/wp-json\/wp\/v2\/categories?post=804"},{"taxonomy":"post_tag","embeddable":true,"href":"https:\/\/www.caths.cz\/wordpress\/wp-json\/wp\/v2\/tags?post=804"}],"curies":[{"name":"wp","href":"https:\/\/api.w.org\/{rel}","templated":true}]}}