{"id":802,"date":"2008-09-16T16:47:37","date_gmt":"2008-09-16T15:47:37","guid":{"rendered":"http:\/\/www.caths.cz\/wordpress\/?p=802"},"modified":"2008-09-16T16:47:37","modified_gmt":"2008-09-16T15:47:37","slug":"cesi-ziskali-v-pekingu-27-medaili","status":"publish","type":"post","link":"https:\/\/www.caths.cz\/wordpress\/cesi-ziskali-v-pekingu-27-medaili\/","title":{"rendered":"\u010ce\u0161i z\u00edskali v Pekingu 27 medail\u00ed"},"content":{"rendered":"<p>\u010cesk\u00e1 republika se na Paralympijsk\u00fdch hr\u00e1ch v Pekingu v celkov\u00e9m hodnocen\u00ed n\u00e1rod\u016f um\u00edstila na 16.m\u00edst\u011b s celkov\u00fdm po\u010dtem 27 medail\u00ed.<br \/>\n<br \/>Nejv\u00edce cenn\u00fdch kov\u016f si z Paralympi\u00e1dy odv\u00e1\u017eej\u00ed B\u011bla Hlav\u00e1\u010dkov\u00e1 ziskem 2 zlat\u00fdch, 1 st\u0159\u00edbrn\u00e9 a 1 bronzov\u00e9 medaile a Jirka Je\u017eek, kter\u00fd z\u00edskal stejn\u00fd po\u010det a stejnou hodnotu medail\u00ed jako B\u011bla.<\/p>\n<p> Celkem \u010ce\u0161i z\u00edskali 6 zlat\u00fdch, 3 st\u0159\u00edbrn\u00e9 a 18 bronzov\u00fdch medail\u00ed.  <\/p>\n<p align=\"justify\"> <a href=\"download\/tabulka medailii.xls\">tabulka ke sta\u017een\u00ed zde<\/a> <\/p>\n","protected":false},"excerpt":{"rendered":"<a href=\"https:\/\/www.caths.cz\/wordpress\/cesi-ziskali-v-pekingu-27-medaili\/\"><img loading=\"lazy\" decoding=\"async\" width=\"100\" height=\"100\" src=\"https:\/\/www.caths.cz\/wordpress\/wp-content\/plugins\/thumbnail-for-excerpts\/tfe_no_thumb.png\" class=\"alignleft wp-post-image tfe\" alt=\"\" title=\"\" \/><\/a><p>\u010cesk\u00e1 republika se na Paralympijsk\u00fdch hr\u00e1ch v Pekingu v celkov\u00e9m hodnocen\u00ed n\u00e1rod\u016f um\u00edstila na 16.m\u00edst\u011b s celkov\u00fdm po\u010dtem 27 medail\u00ed. Nejv\u00edce cenn\u00fdch kov\u016f si z Paralympi\u00e1dy odv\u00e1\u017eej\u00ed B\u011bla Hlav\u00e1\u010dkov\u00e1 ziskem [&hellip;]<\/p>\n","protected":false},"author":1,"featured_media":0,"comment_status":"closed","ping_status":"closed","sticky":false,"template":"","format":"standard","meta":{"ngg_post_thumbnail":0,"footnotes":""},"categories":[44],"tags":[],"class_list":["post-802","post","type-post","status-publish","format-standard","hentry","category-lph-peking-2008"],"_links":{"self":[{"href":"https:\/\/www.caths.cz\/wordpress\/wp-json\/wp\/v2\/posts\/802","targetHints":{"allow":["GET"]}}],"collection":[{"href":"https:\/\/www.caths.cz\/wordpress\/wp-json\/wp\/v2\/posts"}],"about":[{"href":"https:\/\/www.caths.cz\/wordpress\/wp-json\/wp\/v2\/types\/post"}],"author":[{"embeddable":true,"href":"https:\/\/www.caths.cz\/wordpress\/wp-json\/wp\/v2\/users\/1"}],"replies":[{"embeddable":true,"href":"https:\/\/www.caths.cz\/wordpress\/wp-json\/wp\/v2\/comments?post=802"}],"version-history":[{"count":0,"href":"https:\/\/www.caths.cz\/wordpress\/wp-json\/wp\/v2\/posts\/802\/revisions"}],"wp:attachment":[{"href":"https:\/\/www.caths.cz\/wordpress\/wp-json\/wp\/v2\/media?parent=802"}],"wp:term":[{"taxonomy":"category","embeddable":true,"href":"https:\/\/www.caths.cz\/wordpress\/wp-json\/wp\/v2\/categories?post=802"},{"taxonomy":"post_tag","embeddable":true,"href":"https:\/\/www.caths.cz\/wordpress\/wp-json\/wp\/v2\/tags?post=802"}],"curies":[{"name":"wp","href":"https:\/\/api.w.org\/{rel}","templated":true}]}}