{"id":711,"date":"2008-08-13T22:21:24","date_gmt":"2008-08-13T21:21:24","guid":{"rendered":"http:\/\/www.caths.cz\/wordpress\/?p=711"},"modified":"2008-08-13T22:21:24","modified_gmt":"2008-08-13T21:21:24","slug":"cykliste-se-soustredi-ve-svycarskem-aigle","status":"publish","type":"post","link":"https:\/\/www.caths.cz\/wordpress\/cykliste-se-soustredi-ve-svycarskem-aigle\/","title":{"rendered":"Cyklist\u00e9 se soust\u0159ed\u00ed ve \u0161v\u00fdcarsk\u00e9m Aigle"},"content":{"rendered":"<p align=\"justify\"> \u0160v\u00fdcarsk\u00e9 m\u011bste\u010dko Aigle, m\u00e1 \u00fa\u017easnou polohu. Le\u017e\u00ed v naprost\u00e9 rovin\u011b v \u00fadol\u00ed\u010dku ohrani\u010den\u00e9m z jedn\u00e9 strany n\u00e1dhern\u00fdm jezerem a po stran\u00e1ch Alpami. Prakticky p\u0159\u00edmo z m\u011bsta vede n\u011bkolik, dech berouc\u00edch, vysokohorsk\u00fdch silni\u010dek, pln\u00fdch serpent\u00fdn a strm\u00fdch sr\u00e1z\u016f, a\u017e do ly\u017ea\u0159sk\u00fdch center ve v\u00fd\u0161ce kolem 2000 metr\u016f. .<br \/> Pro cyklistiku je Aigle p\u0159\u00edmo ide\u00e1ln\u00ed. Chcete jet v absolutn\u00ed rovin\u011b dlouh\u00fd tr\u00e9nink? Nen\u00ed probl\u00e9m, vyd\u00e1te se kolem jezera, kter\u00e9 p\u0159ipom\u00edn\u00e1 svou rozlehlost\u00ed sp\u00ed\u0161e mo\u0159e. Pot\u0159ebujete naj\u00ed\u017ed\u011bt nekone\u010dn\u00e9 kilometry ve stoup\u00e1n\u00edch t\u00e9 nejv\u011bt\u0161\u00ed kategorie? B\u011bhem zhruba hodinov\u00e9, n\u00e1ro\u010dn\u00e9 j\u00edzdy na kole jste z Aigle, v sam\u00e9m centru Alp, ve v\u00fd\u0161ce p\u0159es 2000 metr\u016f, kde budou Va\u0161imi spole\u010dn\u00edky pouze zdej\u0161\u00ed kr\u00e1vy s charakteristick\u00fdmi zvonci, lanovky a n\u00e1dhern\u00e1 p\u0159\u00edroda. .<br \/> Tak\u00e9 pro svou polohu se Aigle stalo centrem sv\u011btov\u00e9 cyklistiky. Je zde s\u00eddlo Mezin\u00e1rodn\u00ed cyklistick\u00e9 unie, jedna z nejkr\u00e1sn\u011bj\u0161\u00edch cyklistick\u00fdch hal sv\u011bta, Sv\u011btov\u00e9 tr\u00e9ninkov\u00e9 cyklistick\u00e9 centrum a podm\u00ednky pro cyklistiku, kter\u00e9 nezasv\u011bcen\u00e9mu p\u0159ipadaj\u00ed a\u017e neuv\u011b\u0159iteln\u00e9. Opravdu, v\u0161e je pod vlivem kol. .<br \/>Architekti pamatovali na ka\u017ed\u00fd detail, kter\u00fd s cyklistikou souvis\u00ed, nap\u0159.: restaurace m\u00e1 cyklistick\u00e9 menu, v\u0161ude jsou televize, kde non-stop b\u011b\u017e\u00ed olympi\u00e1da, z\u00e1znamy ze z\u00e1vod\u016f, \u010di cyklistick\u00fd program na dal\u0161\u00ed m\u011bs\u00edce, na ka\u017ed\u00e9 k\u0159i\u017eovatce je ukazatel cesty k cyklistick\u00e9 hale, autobusy ve m\u011bst\u011b maj\u00ed nosi\u010de kol, samoz\u0159ejmost\u00ed jsou cyklostezky a cyklistick\u00e9 mapy zdarma v ka\u017ed\u00e9m obchod\u011b \u010di restauraci, atd. .<br \/> A pr\u00e1v\u011b Aigle zvolila \u010d\u00e1st cyklistick\u00e9 reprezentace pro z\u00e1v\u011bre\u010dn\u00e9 soust\u0159ed\u011bn\u00ed p\u0159ed LPH v Pekingu. .<br \/> Zaj\u00edm\u00e1 v\u00e1s, jak\u00fd program maj\u00ed na\u0161i reprezentanti? .<br \/> Bud\u00ed\u010dek je v 7 hodin, sn\u00eddan\u011b v 7:30, dopoledn\u00ed tr\u00e9nink v 9:30 hod. .<br \/> Dopoledne cyklist\u00e9 tr\u00e9nuj\u00ed na dr\u00e1ze, po 20 minutov\u00e9m rozjet\u00ed absolvuj\u00ed nejd\u0159\u00edve pevn\u00e9 starty se zam\u011b\u0159en\u00edm na techniku startu a d\u00e1le m\u011b\u0159en\u00e9 tempov\u00e9 \u00faseky. (Jen pro zaj\u00edmavost, Jirka Je\u017eek jezd\u00ed pravideln\u011b v tr\u00e9ninku po sob\u011b p\u011bt interval\u016f, jejich\u017e \u010das by s velikou rezervou sta\u010dil na paralympi\u00e1d\u011b v Sydney k zisku zlat\u00e9 medaile a sv\u011btov\u00e9mu rekordu&#8230;!!!) .<br \/> Pak n\u00e1sleduje zeleninov\u00fd, lehk\u00fd ob\u011bd a mas\u00e1\u017e. Pot\u00e9 v\u011bt\u0161ina v\u00fdpravy usne, ale v 15:00 hod jsou ji\u017e v\u0161ichni nastoupeni k odpoledn\u00edmu &#8211; silni\u010dn\u00edmu tr\u00e9ninku. Ten trv\u00e1 kolem 2 hodin a 30 minut. Obt\u00ed\u017enost a profil trasy je v kontextu s pl\u00e1nem cel\u00e9ho soust\u0159ed\u011bn\u00ed. Jin\u00fdmi slovy, ka\u017ed\u00fd den m\u00e1 sv\u016fj c\u00edl a v\u00fdznam a zapad\u00e1 do celkov\u00e9 koncepce soust\u0159ed\u011bn\u00ed. .<br \/> Jede se za ka\u017ed\u00e9ho po\u010das\u00ed. Dnes a v\u010dera v Aigle pr\u0161elo tak mohutn\u011b, \u017ee jsme si \u0159\u00edkali, kam v\u0161echnu tu vodu naho\u0159e d\u00e1vaj\u00ed. J\u00edzda na kole p\u0159ipom\u00ednala sp\u00ed\u0161e j\u00edzdu horsk\u00fdm potokem, ale po p\u00e1r minut\u00e1ch jsou v\u0161ichni ji\u017e tak dokonale promo\u010den\u00ed, \u017ee to \u010dlov\u011bku u\u017e skoro ani nevad\u00ed. .<br \/> Po n\u00e1vratu a hork\u00e9 spr\u0161e n\u00e1sleduje p\u0159esun na velodrom do restaurace na ve\u010de\u0159i, pak dal\u0161\u00ed, regenera\u010dn\u00ed mas\u00e1\u017e a cyklist\u00e9 jdou brzy sp\u00e1t. Z\u00edtra je toti\u017e \u010dek\u00e1 znovu ta sam\u00e1 d\u0159ina&#8230; <img decoding=\"async\" src=\"\/wordpress\/image\/k_clankum\/aigle\/MS Aigle 2006 052.jpg\"><br \/>M\u011bste\u010dko dole je Aigle a foto je z t\u00e9m\u011b\u0159 25 km dlouh\u00e9ho stoup\u00e1n\u00ed t\u00e9 nejvy\u0161\u0161\u00ed kategorie, kter\u00e9 absolvovali i cyklist\u00e9 na Tour de France &#8211; Col de la Croix<br \/> <img decoding=\"async\" src=\"\/wordpress\/image\/k_clankum\/aigle\/MS Aigle 2006 078.jpg\"><br \/>Fascinuj\u00edc\u00ed krajina v okol\u00ed Aigle<br \/> <img decoding=\"async\" src=\"\/wordpress\/image\/k_clankum\/aigle\/MS Aigle 2006 003.jpg\"><br \/>Cyklistick\u00e1 hala v Aigle a z\u00e1rove\u0148 centrum Mezin\u00e1rodn\u00ed cyklistick\u00e9 federace a Sv\u011btov\u00e9ho cyklistick\u00e9ho tr\u00e9ninkov\u00e9ho centra<br \/> <img decoding=\"async\" src=\"\/wordpress\/image\/k_clankum\/aigle\/Aigle 001.jpg\"><br \/>\u00dapln\u011b nov\u00fd dr\u00e1hov\u00fd speci\u00e1l Ji\u0159\u00edho Je\u017eka<br \/> <img decoding=\"async\" src=\"\/wordpress\/image\/k_clankum\/aigle\/Aigle 003.jpg\"><br \/>Je\u017eek v kleci&#8230; \ud83d\ude42<br \/> <img decoding=\"async\" src=\"\/wordpress\/image\/k_clankum\/aigle\/Aigle 005.jpg\"><br \/>Je 9:25, tr\u00e9nink na dr\u00e1ze za\u010d\u00edn\u00e1<\/p>\n","protected":false},"excerpt":{"rendered":"<a href=\"https:\/\/www.caths.cz\/wordpress\/cykliste-se-soustredi-ve-svycarskem-aigle\/\"><img loading=\"lazy\" decoding=\"async\" width=\"100\" height=\"100\" src=\"https:\/\/www.caths.cz\/wordpress\/wp-content\/plugins\/thumbnail-for-excerpts\/tfe_no_thumb.png\" class=\"alignleft wp-post-image tfe\" alt=\"\" title=\"\" \/><\/a><p>\u0160v\u00fdcarsk\u00e9 m\u011bste\u010dko Aigle, m\u00e1 \u00fa\u017easnou polohu. Le\u017e\u00ed v naprost\u00e9 rovin\u011b v \u00fadol\u00ed\u010dku ohrani\u010den\u00e9m z jedn\u00e9 strany n\u00e1dhern\u00fdm jezerem a po stran\u00e1ch Alpami. Prakticky p\u0159\u00edmo z m\u011bsta vede n\u011bkolik, dech berouc\u00edch, [&hellip;]<\/p>\n","protected":false},"author":1,"featured_media":0,"comment_status":"closed","ping_status":"closed","sticky":false,"template":"","format":"standard","meta":{"ngg_post_thumbnail":0,"footnotes":""},"categories":[2],"tags":[],"class_list":["post-711","post","type-post","status-publish","format-standard","hentry","category-cyklistika"],"_links":{"self":[{"href":"https:\/\/www.caths.cz\/wordpress\/wp-json\/wp\/v2\/posts\/711","targetHints":{"allow":["GET"]}}],"collection":[{"href":"https:\/\/www.caths.cz\/wordpress\/wp-json\/wp\/v2\/posts"}],"about":[{"href":"https:\/\/www.caths.cz\/wordpress\/wp-json\/wp\/v2\/types\/post"}],"author":[{"embeddable":true,"href":"https:\/\/www.caths.cz\/wordpress\/wp-json\/wp\/v2\/users\/1"}],"replies":[{"embeddable":true,"href":"https:\/\/www.caths.cz\/wordpress\/wp-json\/wp\/v2\/comments?post=711"}],"version-history":[{"count":0,"href":"https:\/\/www.caths.cz\/wordpress\/wp-json\/wp\/v2\/posts\/711\/revisions"}],"wp:attachment":[{"href":"https:\/\/www.caths.cz\/wordpress\/wp-json\/wp\/v2\/media?parent=711"}],"wp:term":[{"taxonomy":"category","embeddable":true,"href":"https:\/\/www.caths.cz\/wordpress\/wp-json\/wp\/v2\/categories?post=711"},{"taxonomy":"post_tag","embeddable":true,"href":"https:\/\/www.caths.cz\/wordpress\/wp-json\/wp\/v2\/tags?post=711"}],"curies":[{"name":"wp","href":"https:\/\/api.w.org\/{rel}","templated":true}]}}