{"id":709,"date":"2008-08-12T12:28:15","date_gmt":"2008-08-12T11:28:15","guid":{"rendered":"http:\/\/www.caths.cz\/wordpress\/?p=709"},"modified":"2008-08-12T12:28:15","modified_gmt":"2008-08-12T11:28:15","slug":"atleti-na-voziku-se-pred-paralympiadou-soustredili-v-nymburce","status":"publish","type":"post","link":"https:\/\/www.caths.cz\/wordpress\/atleti-na-voziku-se-pred-paralympiadou-soustredili-v-nymburce\/","title":{"rendered":"Atleti na voz\u00edku se p\u0159ed paralympi\u00e1dou soust\u0159edili v Nymburce"},"content":{"rendered":"<p align=\"justify\">\nPosledn\u00ed spole\u010dn\u00e9 soust\u0159ed\u011bn\u00ed p\u0159ed odletem na paralympi\u00e1du maj\u00ed za sebou atleti voz\u00ed\u010dk\u00e1\u0159i. Sportovn\u00ed centrum v Nymburce jako obvykle poskytlo vynikaj\u00edc\u00ed podm\u00ednky pro p\u0159\u00edpravu p\u0159ed nadch\u00e1zej\u00edc\u00ed vrcholnou sout\u011b\u017e\u00ed.\n<\/p>\n<p align=\"justify\"> Krom\u011b vrha\u010dsk\u00fdch ploch a posiloven byla b\u011bhem obou t\u00fddn\u016f hojn\u011b vyu\u017e\u00edv\u00e1na regenerace, pod veden\u00edm fyzioterapeutek Jany Kuncov\u00e9 a \u0160\u00e1rky \u0160pa\u0148helov\u00e9 i siln\u00e9 ruce mas\u00e9ra Martina Lajzy. <\/p>\n<p> A\u017e na Radima B\u011ble\u0161e, kter\u00fd se fin\u00e1ln\u00edho soust\u0159ed\u011bn\u00ed nez\u00fa\u010dastnil, se ka\u017ed\u00fd p\u0159ipravoval podle sv\u00e9ho tr\u00e9ninkov\u00e9ho pl\u00e1nu a piln\u011b piloval na Peking. Slab\u0161\u00ed kusy jako Rostislav Pohlmann \u010di Martin Zvol\u00e1nek soust\u0159ed\u011bn\u00ed opustily u\u017e v jeho polovin\u011b. <\/p>\n<p> Naopak Eva Kacanu si pobyt v Nymburce je\u0161t\u011b o p\u00e1r dn\u00ed prodlou\u017eila. Koula\u0159ka Kacanu z\u00edskala zvl\u00e1\u0161tn\u00ed motivaci, proto\u017ee se b\u011bhem soust\u0159ed\u011bn\u00ed sezn\u00e1mila s o\u0161t\u011bpa\u0159kou Barborou \u0160pot\u00e1kovou, a spole\u010dn\u011b s Janou Fesslovou se v\u0161echny t\u0159i pekingsk\u00e9 medailov\u00e9 nad\u011bje vyfotily. <\/p>\n<p> Martin N\u011bmec byl ihned po p\u0159\u00edjezdu do Nymburka podroben odb\u011bru pro mimosout\u011b\u017en\u00ed antidopingovou kontrolu, vz\u00e1p\u011bt\u00ed po n\u011bm byl komisa\u0159i osloven Roman \u0160ebrle. Stejn\u011b jako \u0160pot\u00e1kov\u00e1 i desetiboja\u0159 \u0160ebrle v Nymburce ladil formu p\u0159ed olympi\u00e1dou. <\/p>\n<p> V\u00fdprava \u010cesk\u00e9ho paralympijsk\u00e9ho t\u00fdmu odl\u00e9t\u00e1 do Pekingu 29. srpna. Handicapovan\u00ed atleti maj\u00ed p\u0159ed sebou u\u017e jen individu\u00e1ln\u00ed p\u0159\u00edpravu prolo\u017eenou p\u0159edposledn\u00edm kolem KB \u010cesk\u00e9ho poh\u00e1ru v Chrudimi. Do za\u010d\u00e1tku atletick\u00fdch paralympijsk\u00fdch sout\u011b\u017e\u00ed zb\u00fdv\u00e1 necel\u00fd m\u011bs\u00edc. <\/p>\n","protected":false},"excerpt":{"rendered":"<a href=\"https:\/\/www.caths.cz\/wordpress\/atleti-na-voziku-se-pred-paralympiadou-soustredili-v-nymburce\/\"><img loading=\"lazy\" decoding=\"async\" width=\"100\" height=\"100\" src=\"https:\/\/www.caths.cz\/wordpress\/wp-content\/plugins\/thumbnail-for-excerpts\/tfe_no_thumb.png\" class=\"alignleft wp-post-image tfe\" alt=\"\" title=\"\" \/><\/a><p>Posledn\u00ed spole\u010dn\u00e9 soust\u0159ed\u011bn\u00ed p\u0159ed odletem na paralympi\u00e1du maj\u00ed za sebou atleti voz\u00ed\u010dk\u00e1\u0159i. Sportovn\u00ed centrum v Nymburce jako obvykle poskytlo vynikaj\u00edc\u00ed podm\u00ednky pro p\u0159\u00edpravu p\u0159ed nadch\u00e1zej\u00edc\u00ed vrcholnou sout\u011b\u017e\u00ed. Krom\u011b vrha\u010dsk\u00fdch ploch [&hellip;]<\/p>\n","protected":false},"author":1,"featured_media":0,"comment_status":"closed","ping_status":"closed","sticky":false,"template":"","format":"standard","meta":{"ngg_post_thumbnail":0,"footnotes":""},"categories":[5],"tags":[],"class_list":["post-709","post","type-post","status-publish","format-standard","hentry","category-atletika"],"_links":{"self":[{"href":"https:\/\/www.caths.cz\/wordpress\/wp-json\/wp\/v2\/posts\/709","targetHints":{"allow":["GET"]}}],"collection":[{"href":"https:\/\/www.caths.cz\/wordpress\/wp-json\/wp\/v2\/posts"}],"about":[{"href":"https:\/\/www.caths.cz\/wordpress\/wp-json\/wp\/v2\/types\/post"}],"author":[{"embeddable":true,"href":"https:\/\/www.caths.cz\/wordpress\/wp-json\/wp\/v2\/users\/1"}],"replies":[{"embeddable":true,"href":"https:\/\/www.caths.cz\/wordpress\/wp-json\/wp\/v2\/comments?post=709"}],"version-history":[{"count":0,"href":"https:\/\/www.caths.cz\/wordpress\/wp-json\/wp\/v2\/posts\/709\/revisions"}],"wp:attachment":[{"href":"https:\/\/www.caths.cz\/wordpress\/wp-json\/wp\/v2\/media?parent=709"}],"wp:term":[{"taxonomy":"category","embeddable":true,"href":"https:\/\/www.caths.cz\/wordpress\/wp-json\/wp\/v2\/categories?post=709"},{"taxonomy":"post_tag","embeddable":true,"href":"https:\/\/www.caths.cz\/wordpress\/wp-json\/wp\/v2\/tags?post=709"}],"curies":[{"name":"wp","href":"https:\/\/api.w.org\/{rel}","templated":true}]}}