{"id":702,"date":"2008-08-04T00:28:41","date_gmt":"2008-08-03T23:28:41","guid":{"rendered":"http:\/\/www.caths.cz\/wordpress\/?p=702"},"modified":"2008-08-04T00:28:41","modified_gmt":"2008-08-03T23:28:41","slug":"3-misto-jiriho-jezka-na-otevrenem-mistrovstvi-str-evropy-patri-mezi-nejvetsi-uspechy-ktere-handicapovany-sportovec-dosahl-mezi-nehandicapovanymi","status":"publish","type":"post","link":"https:\/\/www.caths.cz\/wordpress\/3-misto-jiriho-jezka-na-otevrenem-mistrovstvi-str-evropy-patri-mezi-nejvetsi-uspechy-ktere-handicapovany-sportovec-dosahl-mezi-nehandicapovanymi\/","title":{"rendered":"3. m\u00edsto Ji\u0159\u00edho Je\u017eka na otev\u0159en\u00e9m Mistrovstv\u00ed st\u0159. Evropy pat\u0159\u00ed mezi nejv\u011bt\u0161\u00ed \u00fasp\u011bchy, kter\u00e9 handicapovan\u00fd sportovec dos\u00e1hl mezi nehandicapovan\u00fdmi"},"content":{"rendered":"<p align=\"justify\">\nT\u0159et\u00ed m\u00edsto Ji\u0159\u00edho Je\u017eka na otev\u0159en\u00e9m Mistrovstv\u00ed st\u0159edn\u00ed Evropy \u2013 Okolo Vysok\u00fdch Tater, je jedn\u00edm z nejv\u00fdrazn\u011bj\u0161\u00edch sportovn\u00edch \u00fasp\u011bch\u016f historie, kter\u00e9ho n\u00e1\u0161 sportovec mezi nehandicapovan\u00fdmi sportovci dos\u00e1hl.\n<\/p>\n<p align=\"justify\"> Tato skute\u010dnost je pouze d\u016fkazem sou\u010dasn\u00e9, velmi vysok\u00e9, \u00farovn\u011b vrcholov\u00e9ho sportu handicapovan\u00fdch, cyklistiky p\u0159edev\u0161\u00edm. Samoz\u0159ejm\u00e9 je tak\u00e9 to, \u017ee tento \u00fasp\u011bch si nelze p\u0159edstavit bez absolutn\u00ed profesionalizace vrcholov\u00e9 cyklistiky handicapovan\u00fdch, kter\u00e1 nastala, na cel\u00e9m sv\u011bt\u00e9, p\u0159edev\u0161\u00edm v posledn\u00edch dvou letech.<br \/> Pro zaj\u00edmavost uv\u00e1d\u00edme n\u011bkter\u00e9 \u00fadaje zaznamenan\u00e9 na sporttesteru Ji\u0159\u00edho Je\u017eka:<\/p>\n<p> d\u00e9lka z\u00e1vodu: 212 km<br \/> \u010das: 5:35:19<br \/> pr\u016fm\u011brn\u00e1 rychlost: 37,8 km<br \/> p\u0159ev\u00fd\u0161en\u00ed: 2510 m<br \/> nejvy\u0161\u0161\u00ed dosa\u017een\u00e1 rychlost: 83 km \/ hod.<br \/> pr\u016fm\u011brn\u00e1 tepov\u00e1 frekvence: 156<br \/> maxim\u00e1ln\u00ed tep. frekvence: 190<br \/> spot\u0159ebovan\u00e9 kalorie: 4925 KJ<\/p>\n<p> Pokud t\u011bmto \u00fadaj\u016fm rozum\u00edte, pak nen\u00ed pot\u0159eba \u017e\u00e1dn\u00fd koment\u00e1\u0159, pokud je to pro v\u00e1s pouze \u0159ada \u010d\u00edsel, pak v\u011bzte, \u017ee se d\u00edv\u00e1te na statistiku, kter\u00e9 je fyziologicky schopen pouze dokonale \u201evylad\u011bn\u00fd\u201c a tr\u00e9novan\u00fd organismus \u00fa\u0159aduj\u00edc\u00edho mistra sv\u011bta. <br \/> To v\u0161e je nav\u00edc umocn\u011bn\u00e9 skute\u010dnost\u00ed, \u017ee Jirka z\u00e1vod absolvoval z pln\u00e9ho objemov\u00e9ho tr\u00e9ninku a z\u00e1vod jel pouze na 85 \u2013 90 % sv\u00fdch skute\u010dn\u00fdch mo\u017enost\u00ed.<\/p>\n<p> <img decoding=\"async\" src=\"\/wordpress\/image\/k_clankum\/Tatry Tour 008 023.jpg\"><\/p>\n<p> <img decoding=\"async\" src=\"\/wordpress\/image\/k_clankum\/Tatry Tour 008 033.jpg\"><\/p>\n<p> <img decoding=\"async\" src=\"\/wordpress\/image\/k_clankum\/Tatry Tour 008 036.jpg\"><\/p>\n<p> <img decoding=\"async\" src=\"\/wordpress\/image\/k_clankum\/Tatry Tour 008 039.jpg\"><\/p>\n<p> <img decoding=\"async\" src=\"\/wordpress\/image\/k_clankum\/Tatry Tour 008 040.jpg\"><\/p>\n","protected":false},"excerpt":{"rendered":"<a href=\"https:\/\/www.caths.cz\/wordpress\/3-misto-jiriho-jezka-na-otevrenem-mistrovstvi-str-evropy-patri-mezi-nejvetsi-uspechy-ktere-handicapovany-sportovec-dosahl-mezi-nehandicapovanymi\/\"><img loading=\"lazy\" decoding=\"async\" width=\"100\" height=\"100\" src=\"https:\/\/www.caths.cz\/wordpress\/wp-content\/plugins\/thumbnail-for-excerpts\/tfe_no_thumb.png\" class=\"alignleft wp-post-image tfe\" alt=\"\" title=\"\" \/><\/a><p>T\u0159et\u00ed m\u00edsto Ji\u0159\u00edho Je\u017eka na otev\u0159en\u00e9m Mistrovstv\u00ed st\u0159edn\u00ed Evropy \u2013 Okolo Vysok\u00fdch Tater, je jedn\u00edm z nejv\u00fdrazn\u011bj\u0161\u00edch sportovn\u00edch \u00fasp\u011bch\u016f historie, kter\u00e9ho n\u00e1\u0161 sportovec mezi nehandicapovan\u00fdmi sportovci dos\u00e1hl. Tato skute\u010dnost je [&hellip;]<\/p>\n","protected":false},"author":1,"featured_media":0,"comment_status":"closed","ping_status":"closed","sticky":false,"template":"","format":"standard","meta":{"ngg_post_thumbnail":0,"footnotes":""},"categories":[2],"tags":[],"class_list":["post-702","post","type-post","status-publish","format-standard","hentry","category-cyklistika"],"_links":{"self":[{"href":"https:\/\/www.caths.cz\/wordpress\/wp-json\/wp\/v2\/posts\/702","targetHints":{"allow":["GET"]}}],"collection":[{"href":"https:\/\/www.caths.cz\/wordpress\/wp-json\/wp\/v2\/posts"}],"about":[{"href":"https:\/\/www.caths.cz\/wordpress\/wp-json\/wp\/v2\/types\/post"}],"author":[{"embeddable":true,"href":"https:\/\/www.caths.cz\/wordpress\/wp-json\/wp\/v2\/users\/1"}],"replies":[{"embeddable":true,"href":"https:\/\/www.caths.cz\/wordpress\/wp-json\/wp\/v2\/comments?post=702"}],"version-history":[{"count":0,"href":"https:\/\/www.caths.cz\/wordpress\/wp-json\/wp\/v2\/posts\/702\/revisions"}],"wp:attachment":[{"href":"https:\/\/www.caths.cz\/wordpress\/wp-json\/wp\/v2\/media?parent=702"}],"wp:term":[{"taxonomy":"category","embeddable":true,"href":"https:\/\/www.caths.cz\/wordpress\/wp-json\/wp\/v2\/categories?post=702"},{"taxonomy":"post_tag","embeddable":true,"href":"https:\/\/www.caths.cz\/wordpress\/wp-json\/wp\/v2\/tags?post=702"}],"curies":[{"name":"wp","href":"https:\/\/api.w.org\/{rel}","templated":true}]}}