{"id":701,"date":"2008-08-02T23:15:38","date_gmt":"2008-08-02T22:15:38","guid":{"rendered":"http:\/\/www.caths.cz\/wordpress\/?p=701"},"modified":"2008-08-02T23:15:38","modified_gmt":"2008-08-02T22:15:38","slug":"vynikajici-uspech-jiriho-jezka","status":"publish","type":"post","link":"https:\/\/www.caths.cz\/wordpress\/vynikajici-uspech-jiriho-jezka\/","title":{"rendered":"Vynikaj\u00edc\u00ed \u00fasp\u011bch Ji\u0159\u00edho Je\u017eka"},"content":{"rendered":"<p align=\"justify\">Opravdu v\u00fdjime\u010dnou sez\u00f3nu m\u00e1 mistr sv\u011bta, Ji\u0159\u00ed Je\u017eek. Na otev\u0159en\u00e9m Mistrovstv\u00ed st\u0159edn\u00ed Evropy cyklist\u016f v\u0161ech kategori\u00ed obsadil celkov\u011b, fantastick\u00e9, t\u0159et\u00ed m\u00edsto.<\/p>\n<div>\n<p align=\"justify\"> <img decoding=\"async\" src=\"\/wordpress\/image\/k_clankum\/P1050200.JPG\" alt=\"Ji\u0159\u00ed Je\u017eek\" hspace=\"3\" align=\"left\"> Presti\u017en\u00ed, velmi n\u00e1ro\u010dn\u00fd a 212 km dlouh\u00fd z\u00e1vod Okolo Vysok\u00fdch Tater je ofici\u00e1ln\u00edm Mistrovstv\u00edm st\u0159edn\u00ed Evropy cyklist\u016f v\u0161ech kategori\u00ed. Od profesion\u00e1l\u016f po tr\u00e9novan\u00e9 amat\u00e9rsk\u00e9 silni\u010d\u00e1\u0159e. Na start leto\u0161n\u00edho ro\u010dn\u00edku se postavilo 550 z\u00e1vodn\u00edk\u016f ze Slovenska, Ma\u010farska, Polska, USA, Velk\u00e9 Brit\u00e1nie, Holandska, It\u00e1lie a \u010cesk\u00e9 republiky. <br \/> Z\u00e1vod vede n\u00e1dhernou p\u0159\u00edrodou Tatransk\u00e9ho n\u00e1rodn\u00edho parku a cyklist\u00e9 objedou dokola cel\u00e9 Vysok\u00e9 Tatry, \u010d\u00e1st z\u00e1vodu vede i po polsk\u00e9m \u00fazem\u00ed. Ji\u0159\u00ed Je\u017eek byl cel\u00fd t\u00fdden v Tatr\u00e1ch na soust\u0159ed\u011bn\u00ed p\u0159ed LPH v Pekingu a z\u00e1vod tedy absolvoval z pln\u00e9ho tr\u00e9ninku. P\u0159esto na 105 km nastoupil k \u00faniku a spolu s dal\u0161\u00edmi dv\u011bmi jezdci takto jeli t\u00e9m\u011b\u0159 70 km. Skupinka si postupn\u011b z\u00edskala a\u017e 3 minutov\u00fd n\u00e1skok, nicm\u00e9n\u011b na posledn\u00ed vrcha\u0159sk\u00e9 pr\u00e9mii, 40 km p\u0159ed c\u00edlem zbyl na \u010dele z\u00e1vodu pouze Jirka. Pr\u00e9mii vyhr\u00e1l a pot\u00e9 ho dojela 5 ti \u010dlenn\u00e1 skupinka ve kter\u00e9 byli v\u0161ichni favorit\u00e9 v \u010dele se slovensk\u00fdm olympionikem (ihned po skon\u010den\u00ed z\u00e1vodu odl\u00e9tal do Pekingu) a profesion\u00e1ln\u00edm mistrem Slovenska Mat\u011bjem Jur\u010dem z profesion\u00e1ln\u00edho Pro Tour t\u00fdmu Milram. <br \/> V z\u00e1v\u011bre\u010dn\u00e9m n\u00e1ro\u010dn\u00e9m stoup\u00e1n\u00ed se Jur\u010do odpoutal od skupiny a zv\u00edt\u011bzil p\u0159ed Pavolem Polievkou z Dukly Tren\u010d\u00edn a Jirkou Je\u017ekem. <br \/> Vzhledem k \u00fa\u010dasti kompletn\u00ed silni\u010dn\u00ed marat\u00f3nsk\u00e9 \u0161pi\u010dky z \u010cech, Slovenska a Polska a presti\u017ei z\u00e1vodu jde o mimo\u0159\u00e1dn\u00fd \u00fasp\u011bch na\u0161eho reprezentanta. <br \/> T\u00edm sp\u00ed\u0161e, kdy\u017e uv\u00e1\u017e\u00edme, \u017ee Jirka z\u00e1vod absolvoval ve velik\u00e9 pohod\u011b, z pln\u00e9ho tr\u00e9ninku. Ji\u0159\u00ed Je\u017eek byl nejaktivn\u011bj\u0161\u00edm jezdcem cel\u00e9ho pelotonu a na \u0161pici z\u00e1vodu str\u00e1vil nejdel\u0161\u00ed dobu ze v\u0161ech z\u00e1vodn\u00edk\u016f. <br \/> Uzn\u00e1n\u00ed a obdiv, kter\u00e9ho se na\u0161emu reprezentantovi dostalo od z\u00e1vodn\u00edk\u016f, div\u00e1k\u016f i po\u0159adatel\u016f z\u00e1vodu je t\u011b\u017eko popsateln\u00e9. <br \/><em> &#8222;Jsem opravdu spokojen\u00fd a mus\u00edm p\u0159iznat, \u017ee i trochu zasko\u010den\u00fd pocitem, jak dob\u0159e se mi po n\u00e1ro\u010dn\u00e9m t\u0159\u00edt\u00fddenn\u00edm tr\u00e9ninkov\u00e9m bloku jelo. Chci pod\u011bkovat hlavn\u011b Son\u011b a Viktorovi, kte\u0159\u00ed mi z doprovodn\u00e9ho vozu stra\u0161n\u011b moc pomohli ( a nejen m\u011b, proto\u017ee \u010dasto pod\u00e1vali vodu i jin\u00fdm z\u00e1vodn\u00edk\u016fm) a d\u00edk pat\u0159\u00ed tak\u00e9 m\u00fdm par\u0165\u00e1k\u016fm z \u00faniku. Byl to t\u011b\u017ek\u00fd, ale kr\u00e1sn\u00fd z\u00e1vod. P\u0159ed dal\u0161\u00ed f\u00e1z\u00ed tr\u00e9ninku na Peking mi to dodalo nejen pot\u0159ebn\u00e9 sebev\u011bdom\u00ed, ale i chu\u0165!!!&#8220; <\/em><br \/> Ji\u0159\u00ed Je\u017eek, Tom\u00e1\u0161 Kvasni\u010dka a tren\u00e9r Viktor Zapletal se nyn\u00ed p\u0159esunou do sv\u011btov\u00e9ho centra UCI ve \u0161v\u00fdcarsk\u00e9m m\u011bste\u010dku Aigle k 10-ti denn\u00edmu soust\u0159ed\u011bn\u00ed na jedn\u00e9 z nejlep\u0161\u00edch a nejrychlej\u0161\u00edch cyklistick\u00fdch drah na sv\u011bt\u011b. <\/p>\n<p><\/div>\n","protected":false},"excerpt":{"rendered":"<a href=\"https:\/\/www.caths.cz\/wordpress\/vynikajici-uspech-jiriho-jezka\/\"><img loading=\"lazy\" decoding=\"async\" width=\"100\" height=\"100\" src=\"https:\/\/www.caths.cz\/wordpress\/wp-content\/plugins\/thumbnail-for-excerpts\/tfe_no_thumb.png\" class=\"alignleft wp-post-image tfe\" alt=\"\" title=\"\" \/><\/a><p>Opravdu v\u00fdjime\u010dnou sez\u00f3nu m\u00e1 mistr sv\u011bta, Ji\u0159\u00ed Je\u017eek. Na otev\u0159en\u00e9m Mistrovstv\u00ed st\u0159edn\u00ed Evropy cyklist\u016f v\u0161ech kategori\u00ed obsadil celkov\u011b, fantastick\u00e9, t\u0159et\u00ed m\u00edsto. Presti\u017en\u00ed, velmi n\u00e1ro\u010dn\u00fd a 212 km dlouh\u00fd z\u00e1vod Okolo [&hellip;]<\/p>\n","protected":false},"author":1,"featured_media":0,"comment_status":"closed","ping_status":"closed","sticky":false,"template":"","format":"standard","meta":{"ngg_post_thumbnail":0,"footnotes":""},"categories":[2],"tags":[],"class_list":["post-701","post","type-post","status-publish","format-standard","hentry","category-cyklistika"],"_links":{"self":[{"href":"https:\/\/www.caths.cz\/wordpress\/wp-json\/wp\/v2\/posts\/701","targetHints":{"allow":["GET"]}}],"collection":[{"href":"https:\/\/www.caths.cz\/wordpress\/wp-json\/wp\/v2\/posts"}],"about":[{"href":"https:\/\/www.caths.cz\/wordpress\/wp-json\/wp\/v2\/types\/post"}],"author":[{"embeddable":true,"href":"https:\/\/www.caths.cz\/wordpress\/wp-json\/wp\/v2\/users\/1"}],"replies":[{"embeddable":true,"href":"https:\/\/www.caths.cz\/wordpress\/wp-json\/wp\/v2\/comments?post=701"}],"version-history":[{"count":0,"href":"https:\/\/www.caths.cz\/wordpress\/wp-json\/wp\/v2\/posts\/701\/revisions"}],"wp:attachment":[{"href":"https:\/\/www.caths.cz\/wordpress\/wp-json\/wp\/v2\/media?parent=701"}],"wp:term":[{"taxonomy":"category","embeddable":true,"href":"https:\/\/www.caths.cz\/wordpress\/wp-json\/wp\/v2\/categories?post=701"},{"taxonomy":"post_tag","embeddable":true,"href":"https:\/\/www.caths.cz\/wordpress\/wp-json\/wp\/v2\/tags?post=701"}],"curies":[{"name":"wp","href":"https:\/\/api.w.org\/{rel}","templated":true}]}}