{"id":695,"date":"2008-07-27T11:39:10","date_gmt":"2008-07-27T10:39:10","guid":{"rendered":"http:\/\/www.caths.cz\/wordpress\/?p=695"},"modified":"2008-07-27T11:39:10","modified_gmt":"2008-07-27T10:39:10","slug":"dokument-cesta-k-vitezstvi-s-jirim-jezkem","status":"publish","type":"post","link":"https:\/\/www.caths.cz\/wordpress\/dokument-cesta-k-vitezstvi-s-jirim-jezkem\/","title":{"rendered":"Dokument Cesta k v\u00edt\u011bzstv\u00ed s Ji\u0159\u00edm Je\u017ekem"},"content":{"rendered":"<p align=\"justify\">Dal\u0161\u00ed d\u00edl dokumentu o jeho p\u0159\u00edprav\u011b na paralympi\u00e1du v Pekingu m\u016f\u017eete sledovat <\/p>\n<p><a href=\"http:\/\/www.ceskatelevize.cz\/vysilani\/10180009654-cesta-k-vitezstvi\/208572230900009-03.05.2008-13:05.html\"><strong> ZDE<\/strong><\/a><\/p>\n","protected":false},"excerpt":{"rendered":"<a href=\"https:\/\/www.caths.cz\/wordpress\/dokument-cesta-k-vitezstvi-s-jirim-jezkem\/\"><img loading=\"lazy\" decoding=\"async\" width=\"100\" height=\"100\" src=\"https:\/\/www.caths.cz\/wordpress\/wp-content\/plugins\/thumbnail-for-excerpts\/tfe_no_thumb.png\" class=\"alignleft wp-post-image tfe\" alt=\"\" title=\"\" \/><\/a><p>Dal\u0161\u00ed d\u00edl dokumentu o jeho p\u0159\u00edprav\u011b na paralympi\u00e1du v Pekingu m\u016f\u017eete sledovat ZDE<\/p>\n","protected":false},"author":1,"featured_media":0,"comment_status":"closed","ping_status":"closed","sticky":false,"template":"","format":"standard","meta":{"ngg_post_thumbnail":0,"footnotes":""},"categories":[6],"tags":[],"class_list":["post-695","post","type-post","status-publish","format-standard","hentry","category-caths-info"],"_links":{"self":[{"href":"https:\/\/www.caths.cz\/wordpress\/wp-json\/wp\/v2\/posts\/695","targetHints":{"allow":["GET"]}}],"collection":[{"href":"https:\/\/www.caths.cz\/wordpress\/wp-json\/wp\/v2\/posts"}],"about":[{"href":"https:\/\/www.caths.cz\/wordpress\/wp-json\/wp\/v2\/types\/post"}],"author":[{"embeddable":true,"href":"https:\/\/www.caths.cz\/wordpress\/wp-json\/wp\/v2\/users\/1"}],"replies":[{"embeddable":true,"href":"https:\/\/www.caths.cz\/wordpress\/wp-json\/wp\/v2\/comments?post=695"}],"version-history":[{"count":0,"href":"https:\/\/www.caths.cz\/wordpress\/wp-json\/wp\/v2\/posts\/695\/revisions"}],"wp:attachment":[{"href":"https:\/\/www.caths.cz\/wordpress\/wp-json\/wp\/v2\/media?parent=695"}],"wp:term":[{"taxonomy":"category","embeddable":true,"href":"https:\/\/www.caths.cz\/wordpress\/wp-json\/wp\/v2\/categories?post=695"},{"taxonomy":"post_tag","embeddable":true,"href":"https:\/\/www.caths.cz\/wordpress\/wp-json\/wp\/v2\/tags?post=695"}],"curies":[{"name":"wp","href":"https:\/\/api.w.org\/{rel}","templated":true}]}}