{"id":689,"date":"2008-07-22T14:30:49","date_gmt":"2008-07-22T13:30:49","guid":{"rendered":"http:\/\/www.caths.cz\/wordpress\/?p=689"},"modified":"2008-07-22T14:30:49","modified_gmt":"2008-07-22T13:30:49","slug":"technicky-prestup-roku-jiri-jezek-bude-pouzivat-komponenty-sram","status":"publish","type":"post","link":"https:\/\/www.caths.cz\/wordpress\/technicky-prestup-roku-jiri-jezek-bude-pouzivat-komponenty-sram\/","title":{"rendered":"Technick\u00fd p\u0159estup roku \u2013 Ji\u0159\u00ed Je\u017eek bude pou\u017e\u00edvat komponenty SRAM"},"content":{"rendered":"<p align=\"justify\">\nTechnick\u00fdm p\u0159estupem roku m\u016f\u017eeme nazvat dohodu mezi mistrem sv\u011bta a paralympijsk\u00fdm v\u00edt\u011bzem Ji\u0159\u00edm Je\u017ekem a panem Jaroslavem \u017ditn\u00fdm, jeho\u017e firma Cyklo\u017ditn\u00fd je v\u00fdhradn\u00edm dovozcem zna\u010dky SRAM do \u010cesk\u00e9 republiky.\n<\/p>\n<p align=\"justify\"> <img decoding=\"async\" src=\"\/wordpress\/image\/k_clankum\/sram1.jpg\"><\/p>\n<p> Ji\u0159\u00ed Je\u017eek hodnot\u00ed za\u010d\u00ednaj\u00edc\u00ed spolupr\u00e1ci n\u00e1sledovn\u011b: <em> \u201eT\u011b\u0161\u00edm se, \u017ee budu moci v Pekingu vyu\u017e\u00edvat moment\u00e1ln\u011b nejlep\u0161\u00ed komponenty na sv\u011bt\u011b. Komponenty ze sady SRAM RED jsou nejpropracovan\u011bj\u0161\u00edmi a nejleh\u010d\u00edmi sou\u010d\u00e1stkami na trhu. D\u00edky panu \u017ditn\u00e9mu se mi tak otev\u00edr\u00e1 mo\u017enost pou\u017e\u00edt na sv\u00fdch r\u00e1mech DURATEC ty nej\u0161pi\u010dkov\u011bj\u0161\u00ed komponenty SRAM RED. Budu se sna\u017eit, aby m\u00e9 v\u00fdkony odpov\u00eddaly tomu, na \u010dem jezd\u00edm. To je v p\u0159\u00edpad\u011b r\u00e1m\u016f DURATEC a komponent\u016f SRAM RED dosti zavazuj\u00edc\u00ed. Ale j\u00e1 ten z\u00e1vazek r\u00e1d p\u0159ij\u00edm\u00e1m a panu \u017ditn\u00e9mu moc d\u011bkuji!\u201c<\/em><br \/> Jirka bude od p\u0159\u00ed\u0161t\u00edho t\u00fddne na v\u0161ech kolech pou\u017e\u00edvat komponentov\u00e9 sady SRAM RED. SRAM RED je prakticky to nejlep\u0161\u00ed, co je na sou\u010dasn\u00e9m trhu k dispozici. Jedn\u00e1 se o luxusn\u00ed sadu extr\u00e9mn\u011b lehk\u00fdch a \u0161pi\u010dkov\u011b propracovan\u00fdch komponent\u016f. V\u0161e nav\u00edc umoc\u0148uje agresivn\u00ed design cel\u00e9 sady, kdy okam\u017eitou pozornost upoutaj\u00ed karbonov\u00e9 kliky.<br \/><em> \u201eSRAM RED je v cyklistice n\u011bco jako Ferrari mezi auty. Designem po\u010d\u00ednaje a cenou kon\u010de. Nab\u00eddku od Jardy \u017ditn\u00e9ho, jeho\u017e firma Cyklo\u017ditn\u00fd SRAM v \u010cesk\u00e9 republice zastupuje, vn\u00edm\u00e1m jako velik\u00e9 uzn\u00e1n\u00ed a respekt k v\u00fdkon\u016fm Jirky\u201c<\/em> hodnot\u00ed tuto revolu\u010dn\u00ed zm\u011bnu reprezenta\u010dn\u00ed tren\u00e9r Viktor Zapletal. <\/p>\n","protected":false},"excerpt":{"rendered":"<a href=\"https:\/\/www.caths.cz\/wordpress\/technicky-prestup-roku-jiri-jezek-bude-pouzivat-komponenty-sram\/\"><img loading=\"lazy\" decoding=\"async\" width=\"100\" height=\"100\" src=\"https:\/\/www.caths.cz\/wordpress\/wp-content\/plugins\/thumbnail-for-excerpts\/tfe_no_thumb.png\" class=\"alignleft wp-post-image tfe\" alt=\"\" title=\"\" \/><\/a><p>Technick\u00fdm p\u0159estupem roku m\u016f\u017eeme nazvat dohodu mezi mistrem sv\u011bta a paralympijsk\u00fdm v\u00edt\u011bzem Ji\u0159\u00edm Je\u017ekem a panem Jaroslavem \u017ditn\u00fdm, jeho\u017e firma Cyklo\u017ditn\u00fd je v\u00fdhradn\u00edm dovozcem zna\u010dky SRAM do \u010cesk\u00e9 republiky. Ji\u0159\u00ed [&hellip;]<\/p>\n","protected":false},"author":1,"featured_media":0,"comment_status":"closed","ping_status":"closed","sticky":false,"template":"","format":"standard","meta":{"ngg_post_thumbnail":0,"footnotes":""},"categories":[2],"tags":[],"class_list":["post-689","post","type-post","status-publish","format-standard","hentry","category-cyklistika"],"_links":{"self":[{"href":"https:\/\/www.caths.cz\/wordpress\/wp-json\/wp\/v2\/posts\/689","targetHints":{"allow":["GET"]}}],"collection":[{"href":"https:\/\/www.caths.cz\/wordpress\/wp-json\/wp\/v2\/posts"}],"about":[{"href":"https:\/\/www.caths.cz\/wordpress\/wp-json\/wp\/v2\/types\/post"}],"author":[{"embeddable":true,"href":"https:\/\/www.caths.cz\/wordpress\/wp-json\/wp\/v2\/users\/1"}],"replies":[{"embeddable":true,"href":"https:\/\/www.caths.cz\/wordpress\/wp-json\/wp\/v2\/comments?post=689"}],"version-history":[{"count":0,"href":"https:\/\/www.caths.cz\/wordpress\/wp-json\/wp\/v2\/posts\/689\/revisions"}],"wp:attachment":[{"href":"https:\/\/www.caths.cz\/wordpress\/wp-json\/wp\/v2\/media?parent=689"}],"wp:term":[{"taxonomy":"category","embeddable":true,"href":"https:\/\/www.caths.cz\/wordpress\/wp-json\/wp\/v2\/categories?post=689"},{"taxonomy":"post_tag","embeddable":true,"href":"https:\/\/www.caths.cz\/wordpress\/wp-json\/wp\/v2\/tags?post=689"}],"curies":[{"name":"wp","href":"https:\/\/api.w.org\/{rel}","templated":true}]}}