{"id":675,"date":"2008-07-14T20:35:47","date_gmt":"2008-07-14T19:35:47","guid":{"rendered":"http:\/\/www.caths.cz\/wordpress\/?p=675"},"modified":"2008-07-14T20:35:47","modified_gmt":"2008-07-14T19:35:47","slug":"jiri-jezek-a-tomas-kvasnicka-se-stali-celkovymi-vitezi-ep-2008-radim-pavlik-skoncil-celkove-druhy","status":"publish","type":"post","link":"https:\/\/www.caths.cz\/wordpress\/jiri-jezek-a-tomas-kvasnicka-se-stali-celkovymi-vitezi-ep-2008-radim-pavlik-skoncil-celkove-druhy\/","title":{"rendered":"Ji\u0159\u00ed Je\u017eek a Tom\u00e1\u0161 Kvasni\u010dka se stali celkov\u00fdmi v\u00edt\u011bzi EP 2008, Radim Pavl\u00edk skon\u010dil celkov\u011b druh\u00fd!!!"},"content":{"rendered":"<p align=\"justify\">\n<p>Ji\u0159\u00ed Je\u017eek a Tom\u00e1\u0161 Kvasni\u010dka se stali celkov\u00fdmi v\u00edt\u011bzi Evropsk\u00e9ho poh\u00e1ru 2008. Vynikaj\u00edc\u00ed \u00fasp\u011bch obou na\u0161ich cyklist\u016f m\u00e1 nav\u00edc ozna\u010den\u00ed historick\u00e9 v\u00fdjime\u010dnosti:<br \/>\nJi\u0159\u00ed Je\u017eek absolvoval cel\u00fd seri\u00e1l z\u00e1vod\u016f bez jedin\u00e9 por\u00e1\u017eky a z\u00edskal tak maxim\u00e1ln\u00ed po\u010det bod\u016f.<br \/>\nTom\u00e1\u0161 Kvasni\u010dka, teprve 18 let\u00fd junior, se stal historicky nejmlad\u0161\u00edm v\u00edt\u011bzem tohoto poh\u00e1ru.<br \/>\n\u00dasp\u011bch \u010desk\u00fdch cyklist\u016f doplnil talentovan\u00fd Radim Pavl\u00edk, z\u00e1vod\u00edc\u00ed v kategorii LC 1, kter\u00fd obsadil celkov\u00e9 druh\u00e9 m\u00edsto.\n<\/p>\n<p align=\"justify\"> Ji\u0159\u00ed Je\u017eek hodnot\u00ed cel\u00fd seri\u00e1l z\u00e1vod\u016f a sv\u016fj i Tom\u00e1\u0161\u016fv \u00fasp\u011bch n\u00e1sledovn\u011b: <em> \u201eMoje a Tom\u00e1\u0161ovo celkov\u00e9 v\u00edt\u011bzstv\u00ed jasn\u011b potvrzuje sou\u010dasnou pozici \u010desk\u00e9 cyklistiky hendikepovan\u00fdch ve sv\u011bt\u011b. Da\u0159\u00ed se n\u00e1m hlavn\u011b d\u00edky skv\u011bl\u00e9 part\u011b, kterou se n\u00e1m na pozad\u00ed \u010cATHS poda\u0159ilo b\u011bhem dvou sez\u00f3n vybudovat prakticky z ni\u010deho. Z\u00e1sluhou v\u0161ech, kte\u0159\u00ed n\u00e1m pom\u00e1haj\u00ed, jsme bezvadn\u011b funguj\u00edc\u00ed t\u00fdm. Jen tak se pot\u00e9 m\u016f\u017ee da\u0159it jednotlivc\u016fm. Na m\u00fdch i Tom\u00e1\u0161ov\u00fdch v\u00fdkonech se samoz\u0159ejm\u011b v\u00fdrazn\u011b podepisuje i v\u00fdznamn\u00e1 podpora na\u0161ich osobn\u00edch sponzor\u016f a partner\u016f. Celkov\u00e9 v\u00fdsledky v seri\u00e1lu EP ale vzhledem k bl\u00ed\u017e\u00edc\u00edm se Hr\u00e1m v Pekingu samoz\u0159ejm\u011b nelze p\u0159ece\u0148ovat, nebo\u0165 jsou d\u00e1ny hlavn\u011b na\u0161\u00ed stoprocentn\u00ed \u00fa\u010dast\u00ed na v\u0161ech z\u00e1vodech a ne v\u017edy nejsiln\u011bj\u0161\u00ed konkurenc\u00ed. Ale p\u0159esto m\u00e1m velkou radost z jednotliv\u00fdch \u00fasp\u011bch\u016f pr\u00e1v\u011b na z\u00e1vodech, kde opravdu \u0161pi\u010dkov\u00e1 konkurence byla. Tom\u00e1\u0161 potvrdil sv\u016fj stabiln\u00ed v\u00fdkonnostn\u00ed r\u016fst a velk\u00e9 p\u0159edpoklady do budoucna. Ji\u017e nyn\u00ed pat\u0159\u00ed do sv\u011btov\u00e9 \u0161pi\u010dky ve sv\u00e9 kategorii a vzhledem k jeho zap\u00e1len\u00ed pro sport se na jeho budoucnost opravdu t\u011b\u0161\u00edm. Tom\u00e1\u0161 je z\u00e1vodn\u00edk, kter\u00e9ho je radost m\u00edt v t\u00fdmu! Leto\u0161n\u00ed seri\u00e1l EP n\u00e1m tedy p\u0159inesl spoustu v\u00edt\u011bzstv\u00ed, n\u00e1ro\u010dn\u00fdch z\u00e1vod\u016f i zku\u0161enost\u00ed. A d\u00edky na\u0161\u00ed \u00fasp\u0161nosti i mnoho cenn\u00fdch bod\u016f do sv\u011btov\u00e9ho rankingu, co\u017e je d\u016fle\u017eit\u00e9pro \u010deskou cyklistiku do budoucna.\u201c <\/em> <\/p>\n<p> Evropsk\u00fd poh\u00e1r vyvrcholil z\u00e1vody na Slovensku, kter\u00fdch se z\u00fa\u010dastnila po\u010detn\u00e1 v\u00fdprava reprezentace \u010cR. Poprv\u00e9 se p\u0159edstavily v z\u00e1vod\u011b oba nov\u00e9 tandemy (Moflar-Chyba, Wiosnov\u00e1 \u2013Sacklov\u00e1) kter\u00e9 roz\u0161\u00ed\u0159ily ji\u017e tak dost po\u010detn\u00fd reprezenta\u010dn\u00ed t\u00fdm. Srovn\u00e1n\u00ed s absolutn\u00ed sv\u011btovou \u0161pi\u010dkou, kterou p\u0159edstavuj\u00ed tandemy z Polska a Slovenska je v\u00edce ne\u017e p\u0159\u00edzniv\u00e9, zvl\u00e1\u0161t\u011b kdy\u017e uv\u00e1\u017e\u00edme, \u017ee ob\u011b pos\u00e1dky spolu jely teprve podruh\u00e9. <br \/> Vynikaj\u00edc\u00ed v\u00fdkony p\u0159edvedlo reprezenta\u010dn\u00ed \u201e\u00e1\u010dko\u201c handbiker\u016f &#8211; Civi\u0161, Pipek, D\u011bck\u00fd. V\u00fdkonnost Radka Civi\u0161e a Marcela Pipka odpov\u00edd\u00e1 ambic\u00edm obou reprezentant\u016f p\u0159ed LPH v Pekingu. <br \/> Velmi dob\u0159e z\u00e1vodili i cyklist\u00e9 v kategorii LC1, Radim Pavl\u00edk a Ji\u0159\u00ed Kalousek a celkov\u00e9 um\u00edst\u011bn\u00ed Radima Pavl\u00edka v Evropsk\u00e9m poh\u00e1ru je zat\u00edm nejv\u011bt\u0161\u00edm \u00fasp\u011bchem tohoto mlad\u00e9ho a nad\u011bjn\u00e9ho z\u00e1vodn\u00edka.<br \/> T\u011blesn\u011b handicapovan\u00ed cyklist\u00e9 m\u011bli celkov\u00e9 um\u00edst\u011bn\u00ed v seri\u00e1lu z\u00e1vod\u016f Evropsk\u00e9ho poh\u00e1ru 2008 ur\u010den\u00e9 jako sv\u016fj hlavn\u00ed jarn\u00ed c\u00edl. B\u011bhem sez\u00f3ny 2008 se reprezenta\u010dn\u00ed t\u00fdm \u201eA\u201c t\u011blesn\u011b handicapovan\u00fdch cyklist\u016f \u201erozrostl\u201c na \u00factyhodn\u00fd po\u010det 12 z\u00e1vodn\u00edk\u016f, co\u017e je jeho sou\u010dasn\u00e1 podoba. <\/p>\n<p> <img decoding=\"async\" src=\"\/wordpress\/image\/k_clankum\/team_terchova.jpg\"><\/p>\n<p> <em> \u201eR\u00e1d bych vyj\u00e1d\u0159il sv\u00e9 pod\u011bkov\u00e1n\u00ed a obdiv v\u0161em z\u00e1vodn\u00edk\u016fm reprezenta\u010dn\u00edho t\u00fdmu v \u010dele s Jirkou Je\u017ekem a Marcelem Pipkem, kte\u0159\u00ed vytvo\u0159ili opravdu vynikaj\u00edc\u00ed partu. Nem\u00e9n\u011b stejn\u011b velik\u00fd d\u00edk pat\u0159\u00ed i cel\u00e9mu realiza\u010dn\u00edmu t\u00fdmu reprezentace \u010cR, mana\u017eerk\u00e1m: Son\u011b Je\u017ekov\u00e9 a Kate\u0159in\u011b Krebsov\u00e9, kter\u00e9 za\u0159izuj\u00ed ve\u0161kerou administrativu ohledn\u011b z\u00e1vod\u016f EP a fotografce V\u011b\u0159e Vodi\u010dkov\u00e9. D\u011bkuji i ob\u011bma mechanik\u016fm, Kv\u00e1skovi seniorovi a Jirkovi Chybovi a sponzor\u016fm reprezenta\u010dn\u00edho t\u00fdmu, p\u0159edev\u0161\u00edm \u010cATHS a firm\u00e1m Nutrend, O.K. BAG, Duratec, Cyklo\u017ditn\u00fd. Bez z\u00e1zem\u00ed tohoto realiza\u010dn\u00edho t\u00fdmu bychom nemohli cel\u00fd seri\u00e1l z\u00e1vod\u016f Evropsk\u00e9ho poh\u00e1ru absolvovat&#8230; A velik\u00fd d\u00edk cel\u00e9 reprezentace pat\u0159\u00ed i skupin\u011b T\u0158I SESTRY, kamar\u00e1dovi Iv\u00e1nkovi, rodin\u011b Kvasni\u010dk\u016f, Bratrovi Vodi\u010dkovi , mana\u017eerce reprezenta\u010dn\u00edch t\u00fdm\u016f \u010cATHS Jarce, Zdendovi Zejdovi, letu\u0161ce Kami\u0161ce, Jardovi \u017ditn\u00e9mu a Robertu \u201eBakymu\u201c Bakal\u00e1\u0159ovi\u201c<\/em>, dod\u00e1v\u00e1 k v\u00fdsledku sv\u00fdch sv\u011b\u0159enc\u016f reprezenta\u010dn\u00ed tren\u00e9r, Viktor Zapletal. <\/p>\n<p> <a href=\"storage\/cyklistika\/European Cup 2008_prov-overall-ranking_14July08.pdf\"><strong>celkov\u00e9 v\u00fdsledky EP ke sta\u017een\u00ed zde<\/strong><\/a> <\/p>\n","protected":false},"excerpt":{"rendered":"<a href=\"https:\/\/www.caths.cz\/wordpress\/jiri-jezek-a-tomas-kvasnicka-se-stali-celkovymi-vitezi-ep-2008-radim-pavlik-skoncil-celkove-druhy\/\"><img loading=\"lazy\" decoding=\"async\" width=\"100\" height=\"100\" src=\"https:\/\/www.caths.cz\/wordpress\/wp-content\/plugins\/thumbnail-for-excerpts\/tfe_no_thumb.png\" class=\"alignleft wp-post-image tfe\" alt=\"\" title=\"\" \/><\/a><p>Ji\u0159\u00ed Je\u017eek a Tom\u00e1\u0161 Kvasni\u010dka se stali celkov\u00fdmi v\u00edt\u011bzi Evropsk\u00e9ho poh\u00e1ru 2008. Vynikaj\u00edc\u00ed \u00fasp\u011bch obou na\u0161ich cyklist\u016f m\u00e1 nav\u00edc ozna\u010den\u00ed historick\u00e9 v\u00fdjime\u010dnosti: Ji\u0159\u00ed Je\u017eek absolvoval cel\u00fd seri\u00e1l z\u00e1vod\u016f bez jedin\u00e9 [&hellip;]<\/p>\n","protected":false},"author":1,"featured_media":0,"comment_status":"closed","ping_status":"closed","sticky":false,"template":"","format":"standard","meta":{"ngg_post_thumbnail":0,"footnotes":""},"categories":[2],"tags":[],"class_list":["post-675","post","type-post","status-publish","format-standard","hentry","category-cyklistika"],"_links":{"self":[{"href":"https:\/\/www.caths.cz\/wordpress\/wp-json\/wp\/v2\/posts\/675","targetHints":{"allow":["GET"]}}],"collection":[{"href":"https:\/\/www.caths.cz\/wordpress\/wp-json\/wp\/v2\/posts"}],"about":[{"href":"https:\/\/www.caths.cz\/wordpress\/wp-json\/wp\/v2\/types\/post"}],"author":[{"embeddable":true,"href":"https:\/\/www.caths.cz\/wordpress\/wp-json\/wp\/v2\/users\/1"}],"replies":[{"embeddable":true,"href":"https:\/\/www.caths.cz\/wordpress\/wp-json\/wp\/v2\/comments?post=675"}],"version-history":[{"count":0,"href":"https:\/\/www.caths.cz\/wordpress\/wp-json\/wp\/v2\/posts\/675\/revisions"}],"wp:attachment":[{"href":"https:\/\/www.caths.cz\/wordpress\/wp-json\/wp\/v2\/media?parent=675"}],"wp:term":[{"taxonomy":"category","embeddable":true,"href":"https:\/\/www.caths.cz\/wordpress\/wp-json\/wp\/v2\/categories?post=675"},{"taxonomy":"post_tag","embeddable":true,"href":"https:\/\/www.caths.cz\/wordpress\/wp-json\/wp\/v2\/tags?post=675"}],"curies":[{"name":"wp","href":"https:\/\/api.w.org\/{rel}","templated":true}]}}