{"id":673,"date":"2008-07-14T15:50:10","date_gmt":"2008-07-14T14:50:10","guid":{"rendered":"http:\/\/www.caths.cz\/wordpress\/?p=673"},"modified":"2008-07-14T15:50:10","modified_gmt":"2008-07-14T14:50:10","slug":"kvalitni-lukostrelba-pred-odletem-do-pekingu","status":"publish","type":"post","link":"https:\/\/www.caths.cz\/wordpress\/kvalitni-lukostrelba-pred-odletem-do-pekingu\/","title":{"rendered":"Kvalitn\u00ed lukost\u0159elba p\u0159ed odletem do Pekingu"},"content":{"rendered":"<p align_\"justify\">\nJi\u017e pop\u00e1t\u00e9 p\u0159iv\u00edt\u00e1 sportovn\u00ed are\u00e1l v Nov\u00e9m M\u011bst\u011b nad Metuj\u00ed nejlep\u0161\u00ed dom\u00e1c\u00ed a zahrani\u010dn\u00ed lukost\u0159elce \u2013 paralympioniky, v r\u00e1mci Zvac\u00edho turnaje IPC a FITA (Mezin\u00e1rodn\u00ed sportovn\u00ed federace lukost\u0159elby).\n<\/p>\n<p align=\"justify\"> Turnaj se uskute\u010dn\u00ed ve dnech 16. \u2013 20. \u010dervence 2008, po\u0159adatelem je Sportovn\u00ed klub Nov\u00e9 M\u011bsto nad Metuj\u00ed. V leto\u0161n\u00edm, paralympijsk\u00e9m roce, kdy u\u017e je o nominac\u00edch do Pekingu rozhodnuto, a kdy nav\u00edc term\u00ednov\u011b koliduj\u00ed dva vrcholn\u00e9 mezin\u00e1rodn\u00ed lukost\u0159eleck\u00e9 z\u00e1vody v Evrop\u011b (v NMNMET a ve Stoke Mandeville), se novom\u011bstsk\u00fdm po\u0159adatel\u016fm p\u0159ihl\u00e1silo na 40 z\u00e1vodn\u00edk\u016f ze \u0161esti zem\u00ed: Loty\u0161ska, Francie, Irska, Nizozem\u00ed, Slovenska a dom\u00e1c\u00ed reprezentace. <\/p>\n<p> Z\u00e1vody maj\u00ed statut FITA Star s mezin\u00e1rodn\u00edm technick\u00fdm deleg\u00e1tem a klasifikac\u00ed. St\u0159\u00edl\u00ed se ve dvou dnech syst\u00e9mem olympijsk\u00e9 sestavy, tedy s kvalifikac\u00ed i eliminac\u00ed na 70 m. Bojovat o vav\u0159\u00edny se bude ve t\u0159ech diviz\u00edch \u2013 kladkov\u00fd luk (kvadruplegici spole\u010dn\u011b s kategori\u00ed OPEN) a reflexn\u00ed luk (sed\u00edc\u00ed spole\u010dn\u011b se stoj\u00edc\u00edmi), zvl\u00e1\u0161\u0165 mu\u017ei a \u017eeny a v kategorii nevidom\u00fdch (mu\u017ei i \u017eeny dohromady). <\/p>\n<p> V\u011bt\u0161inu startovn\u00edho pole tvo\u0159\u00ed z\u00e1vodn\u00edci, kte\u0159\u00ed budou sv\u00e9 zem\u011b reprezentovat v z\u00e1\u0159\u00ed na XIII. paralympijsk\u00fdch hr\u00e1ch v Pekingu. <\/p>\n<p> Tradi\u010dn\u00ed sou\u010d\u00e1st\u00ed programu je lukost\u0159elba nevidom\u00fdch, kter\u00e1 pat\u0159\u00ed do ofici\u00e1ln\u00edho programu mezin\u00e1rodn\u00ed lukost\u0159elby handicapovan\u00fdch (krom\u011b paralympijsk\u00fdch her), nicm\u00e9n\u011b ve sv\u011bt\u011b se st\u00e1le st\u0159\u00edl\u00ed konzervat\u00edvn\u00edm zp\u016fsobem, ji\u017e d\u0159\u00edve schv\u00e1len\u00fdm IBSA (Mezin\u00e1rodn\u00ed sportovn\u00ed federac\u00ed nevidom\u00fdch), zat\u00edm co \u010desk\u00fd lukost\u0159elec a vyn\u00e1lezce Ji\u0159\u00ed Moj\u017e\u00ed\u0161ek p\u0159edstavil p\u0159ed t\u0159emi lety na MS v It\u00e1lii zcela novou a revolu\u010dn\u00ed metodu m\u00ed\u0159en\u00ed a st\u0159elby. Ta umo\u017e\u0148uje nevidom\u00fdm rovnocennou sout\u011b\u017e s ostatn\u00edmi paralympijsk\u00fdmi kategoriemi, ale i s neposti\u017een\u00fdmi, a maxim\u00e1ln\u011b je osamostat\u0148uje, tak \u017ee nejsou v\u016fbec z\u00e1visl\u00ed na doprovodu. Svou metodu, kterou v \u010cR roz\u0161\u00ed\u0159il ji\u017e asi mezi deset dal\u0161\u00edch nevidom\u00fdch z\u00e1jemc\u016f, p\u0159edstav\u00ed op\u011bt v Nov\u00e9m M\u011bst\u011b. <\/p>\n<p> Ostatn\u00ed paralympionici budou v Nov\u00e9m M\u011bst\u011b nad Metuj\u00ed testovat svou formu \u0161est t\u00fddn\u016f p\u0159ed odletem do Pekingu. Zvac\u00ed turnaj v lukost\u0159elb\u011b 2008 pat\u0159\u00ed k s\u00e9rii paralympijsk\u00fdch z\u00e1vod\u016f, kter\u00fdmi Sportovn\u00ed klub Nov\u00e9 M\u011bsto nad Metuj\u00ed letos slav\u00ed dv\u011b desetilet\u00ed organizovan\u00e9ho sportu handicapovan\u00fdch. Prvn\u00ed z akc\u00ed sv\u00e9ho druhu bylo na novom\u011bstsk\u00e9m stadionu Mistrovstv\u00ed \u010ceskoslovenska v atletice handicapovan\u00fdch v roce 1988. <\/p>\n<p> S\u00e9rii oslav za\u010dal na ja\u0159e turnaj v curlingu po\u0159\u00e1dan\u00fd v Trutnov\u011b, n\u00e1sleduje Zvac\u00ed turnaj v lukost\u0159elb\u011b, spolu se s\u00e9ri\u00ed sedmi kol \u010desk\u00e9ho Archery HandiCUPu, pokra\u010dovat bude \u010desk\u00fdm poh\u00e1rem v atletice voz\u00ed\u010dk\u00e1\u0159\u016f (2. srpna), v r\u00e1mci kter\u00e9ho se uskute\u010dn\u00ed tak\u00e9 jedno kolo \u010desk\u00e9ho poh\u00e1ru handbiker\u016f a s\u00e9rii zakon\u010d\u00ed mistrovsk\u00fdm \u0161ampion\u00e1tem lukost\u0159elci 16.-17. srpna. <\/p>\n<p> <img decoding=\"async\" src=\"\/wordpress\/image\/k_clankum\/zvaci1.jpg\"><br \/>ILUSTRA\u010cN\u00cd FOTO:<br \/>MS v Koreji 2007, Lenka Kuncov\u00e1 ve vy\u0159azovac\u00edch boj\u00edch <br \/> <img decoding=\"async\" src=\"\/wordpress\/image\/k_clankum\/zvaci2.jpg\"><br \/>ILUSTRA\u010cN\u00cd FOTO:<br \/>MS v Koreji 2007, oslava titulu mistr\u016f sv\u011bta dru\u017estva W1 <\/p>\n<p> dD <\/p>\n","protected":false},"excerpt":{"rendered":"<a href=\"https:\/\/www.caths.cz\/wordpress\/kvalitni-lukostrelba-pred-odletem-do-pekingu\/\"><img loading=\"lazy\" decoding=\"async\" width=\"100\" height=\"100\" src=\"https:\/\/www.caths.cz\/wordpress\/wp-content\/plugins\/thumbnail-for-excerpts\/tfe_no_thumb.png\" class=\"alignleft wp-post-image tfe\" alt=\"\" title=\"\" \/><\/a><p>Ji\u017e pop\u00e1t\u00e9 p\u0159iv\u00edt\u00e1 sportovn\u00ed are\u00e1l v Nov\u00e9m M\u011bst\u011b nad Metuj\u00ed nejlep\u0161\u00ed dom\u00e1c\u00ed a zahrani\u010dn\u00ed lukost\u0159elce \u2013 paralympioniky, v r\u00e1mci Zvac\u00edho turnaje IPC a FITA (Mezin\u00e1rodn\u00ed sportovn\u00ed federace lukost\u0159elby). Turnaj se [&hellip;]<\/p>\n","protected":false},"author":1,"featured_media":0,"comment_status":"closed","ping_status":"closed","sticky":false,"template":"","format":"standard","meta":{"ngg_post_thumbnail":0,"footnotes":""},"categories":[13],"tags":[],"class_list":["post-673","post","type-post","status-publish","format-standard","hentry","category-lukostrelba"],"_links":{"self":[{"href":"https:\/\/www.caths.cz\/wordpress\/wp-json\/wp\/v2\/posts\/673","targetHints":{"allow":["GET"]}}],"collection":[{"href":"https:\/\/www.caths.cz\/wordpress\/wp-json\/wp\/v2\/posts"}],"about":[{"href":"https:\/\/www.caths.cz\/wordpress\/wp-json\/wp\/v2\/types\/post"}],"author":[{"embeddable":true,"href":"https:\/\/www.caths.cz\/wordpress\/wp-json\/wp\/v2\/users\/1"}],"replies":[{"embeddable":true,"href":"https:\/\/www.caths.cz\/wordpress\/wp-json\/wp\/v2\/comments?post=673"}],"version-history":[{"count":0,"href":"https:\/\/www.caths.cz\/wordpress\/wp-json\/wp\/v2\/posts\/673\/revisions"}],"wp:attachment":[{"href":"https:\/\/www.caths.cz\/wordpress\/wp-json\/wp\/v2\/media?parent=673"}],"wp:term":[{"taxonomy":"category","embeddable":true,"href":"https:\/\/www.caths.cz\/wordpress\/wp-json\/wp\/v2\/categories?post=673"},{"taxonomy":"post_tag","embeddable":true,"href":"https:\/\/www.caths.cz\/wordpress\/wp-json\/wp\/v2\/tags?post=673"}],"curies":[{"name":"wp","href":"https:\/\/api.w.org\/{rel}","templated":true}]}}