{"id":672,"date":"2008-07-11T00:20:45","date_gmt":"2008-07-10T23:20:45","guid":{"rendered":"http:\/\/www.caths.cz\/wordpress\/?p=672"},"modified":"2008-07-11T00:20:45","modified_gmt":"2008-07-10T23:20:45","slug":"jiri-jezek-a-tomas-kvasnicka-vedou-pred-poslednim-zavodem-v-celkovem-poradi-evropskeho-poharu","status":"publish","type":"post","link":"https:\/\/www.caths.cz\/wordpress\/jiri-jezek-a-tomas-kvasnicka-vedou-pred-poslednim-zavodem-v-celkovem-poradi-evropskeho-poharu\/","title":{"rendered":"Ji\u0159\u00ed Je\u017eek a Tom\u00e1\u0161 Kvasni\u010dka vedou p\u0159ed posledn\u00edm z\u00e1vodem v celkov\u00e9m po\u0159ad\u00ed Evropsk\u00e9ho poh\u00e1ru"},"content":{"rendered":"<p align=\"justify\">\nJi\u0159\u00ed Je\u017eek a Tom\u00e1\u0161 Kvasni\u010dka vedou v celkov\u00e9m po\u0159ad\u00ed EP p\u0159ed posledn\u00edm z\u00e1vodem, kter\u00fd se tento v\u00edkend kon\u00e1 na Slovensku v T\u011brchov\u00e9. Ji\u0159\u00ed Je\u017eek nav\u00edc bezkonkuren\u010dn\u011b vede bez ztr\u00e1ty jedin\u00e9ho bodu!<\/p>\n<p><a href=\"storage\/cyklistika\/European Cup 2008_prov-ranking_after 5 events_10July08.pdf\"><strong>pr\u016fb\u011b\u017en\u00e9 v\u00fdsledky EP zde<\/strong><\/a><\/p>\n","protected":false},"excerpt":{"rendered":"<a href=\"https:\/\/www.caths.cz\/wordpress\/jiri-jezek-a-tomas-kvasnicka-vedou-pred-poslednim-zavodem-v-celkovem-poradi-evropskeho-poharu\/\"><img loading=\"lazy\" decoding=\"async\" width=\"100\" height=\"100\" src=\"https:\/\/www.caths.cz\/wordpress\/wp-content\/plugins\/thumbnail-for-excerpts\/tfe_no_thumb.png\" class=\"alignleft wp-post-image tfe\" alt=\"\" title=\"\" \/><\/a><p>Ji\u0159\u00ed Je\u017eek a Tom\u00e1\u0161 Kvasni\u010dka vedou v celkov\u00e9m po\u0159ad\u00ed EP p\u0159ed posledn\u00edm z\u00e1vodem, kter\u00fd se tento v\u00edkend kon\u00e1 na Slovensku v T\u011brchov\u00e9. Ji\u0159\u00ed Je\u017eek nav\u00edc bezkonkuren\u010dn\u011b vede bez ztr\u00e1ty jedin\u00e9ho [&hellip;]<\/p>\n","protected":false},"author":1,"featured_media":0,"comment_status":"closed","ping_status":"closed","sticky":false,"template":"","format":"standard","meta":{"ngg_post_thumbnail":0,"footnotes":""},"categories":[2],"tags":[],"class_list":["post-672","post","type-post","status-publish","format-standard","hentry","category-cyklistika"],"_links":{"self":[{"href":"https:\/\/www.caths.cz\/wordpress\/wp-json\/wp\/v2\/posts\/672","targetHints":{"allow":["GET"]}}],"collection":[{"href":"https:\/\/www.caths.cz\/wordpress\/wp-json\/wp\/v2\/posts"}],"about":[{"href":"https:\/\/www.caths.cz\/wordpress\/wp-json\/wp\/v2\/types\/post"}],"author":[{"embeddable":true,"href":"https:\/\/www.caths.cz\/wordpress\/wp-json\/wp\/v2\/users\/1"}],"replies":[{"embeddable":true,"href":"https:\/\/www.caths.cz\/wordpress\/wp-json\/wp\/v2\/comments?post=672"}],"version-history":[{"count":0,"href":"https:\/\/www.caths.cz\/wordpress\/wp-json\/wp\/v2\/posts\/672\/revisions"}],"wp:attachment":[{"href":"https:\/\/www.caths.cz\/wordpress\/wp-json\/wp\/v2\/media?parent=672"}],"wp:term":[{"taxonomy":"category","embeddable":true,"href":"https:\/\/www.caths.cz\/wordpress\/wp-json\/wp\/v2\/categories?post=672"},{"taxonomy":"post_tag","embeddable":true,"href":"https:\/\/www.caths.cz\/wordpress\/wp-json\/wp\/v2\/tags?post=672"}],"curies":[{"name":"wp","href":"https:\/\/api.w.org\/{rel}","templated":true}]}}