{"id":667,"date":"2008-07-08T00:08:06","date_gmt":"2008-07-07T23:08:06","guid":{"rendered":"http:\/\/www.caths.cz\/wordpress\/?p=667"},"modified":"2008-07-08T00:08:06","modified_gmt":"2008-07-07T23:08:06","slug":"cykliste-odcestuji-na-posledni-podnik-evropskeho-poharu","status":"publish","type":"post","link":"https:\/\/www.caths.cz\/wordpress\/cykliste-odcestuji-na-posledni-podnik-evropskeho-poharu\/","title":{"rendered":"Cyklist\u00e9 odcestuj\u00ed na posledn\u00ed podnik Evropsk\u00e9ho poh\u00e1ru"},"content":{"rendered":"<p align=\"justify\">\nN\u00e1dhern\u00e1 horsk\u00e1 vesni\u010dka T\u011brchov\u00e1 na Slovensku, m\u00edsto, kde \u017eil slavn\u00fd Juraj J\u00e1no\u0161\u00edk, p\u0159iv\u00edt\u00e1 o v\u00edkendu cyklisty z cel\u00e9 Evropy, na z\u00e1v\u011bre\u010dn\u00e9m podniku Evropsk\u00e9ho poh\u00e1ru.\n<\/p>\n<p align=\"justify\"> Pro \u010desk\u00fd t\u00fdm bude tento start v mnoh\u00e9m v\u00fdjime\u010dn\u00fd:<br \/> &#8211; tak nap\u0159\u00edklad v tom, \u017ee reprezenta\u010dn\u00ed t\u00fdm \u010cR t\u011blesn\u011b handicapovan\u00fdch cyklist\u016f bude reprezentovat 17 (!) z\u00e1vodn\u00edk\u016f, co\u017e je historicky nejv\u011bt\u0161\u00ed po\u010det.<br \/> &#8211; Jirka Je\u017eek se pokus\u00ed udr\u017eet svou leto\u0161n\u00ed neporazitelnost, m\u00e1 za sebou sice 10ti denn\u00ed volno a ji\u017e p\u00e1r dn\u00ed je v t\u011b\u017ek\u00e9m objemov\u00e9m tr\u00e9ninku pro paralympi\u00e1du, ale na z\u00e1vody se t\u011b\u0161\u00ed. Jirka jede potvrdit sv\u00e9 celkov\u00e9 v\u00edt\u011bzstv\u00ed v Evropsk\u00e9m poh\u00e1ru 2008 a z\u00e1vody bere sp\u00ed\u0161 jako zpest\u0159en\u00ed tr\u00e9ninku pro LPH.<br \/> &#8211; Junior Tom\u00e1\u0161 Kvasni\u010dka se jako nejmlad\u0161\u00ed \u00fa\u010dastn\u00edk cel\u00e9 historie EP pokus\u00ed z\u00edskat celkov\u00e9 prvenstv\u00ed v Evropsk\u00e9m poh\u00e1ru.<br \/> &#8211; P\u0159edstav\u00ed se i nov\u00e9 posily reprezenta\u010dn\u00edho t\u00fdmu \u2013 tandemy. Pojedou ve slo\u017een\u00ed, M\u00ed\u0161a Wiosnov\u00e1 + Martina Sacklov\u00e1 a Marek Moflar s Jirkou Chybou. <\/p>\n<p><em> \u201eJde o spole\u010dn\u00fd projekt svazu ZP a \u010cATHS p\u0159ibli\u017euje celou v\u011bc reprezenta\u010dn\u00ed tren\u00e9r Viktor Zapletal. Oba p\u00e1ry jsme t\u00e9m\u011b\u0159 rok hledali, M\u00ed\u0161a i Marek jsou velmi mlad\u00ed a sportovn\u011b nadan\u00ed. Maj\u00ed perspektivu z\u00e1vodit na nejvy\u0161\u0161\u00ed \u00farovni. To sam\u00e9 plat\u00ed i pro piloty. Vyb\u00edrali jsme je velmi pe\u010dliv\u011b a po dlouh\u00fdch diskus\u00edch spole\u010dn\u011b s Jirkou Je\u017ekem. Jirka Chyba je jedn\u00edm z nejlep\u0161\u00edch amat\u00e9rsk\u00fdch z\u00e1vodn\u00edk\u016f v \u010cR. Je n\u011bkolikan\u00e1sobn\u00fd mistr \u010cR, ovl\u00e1d\u00e1 v\u0161echny cyklistick\u00e9 discipl\u00edny, m\u00e1 v\u00fdjime\u010dn\u00e9 cyklistick\u00e9 parametry. Martina pat\u0159\u00ed mezi nejlep\u0161\u00ed cyklistky amat\u00e9rky v \u010cR a i ona m\u00e1 na sv\u00e9m kont\u011b celou \u0159adu v\u00edt\u011bzn\u00fdch z\u00e1vod\u016f.<br \/> Velik\u00fd d\u00edk za podporu a pomoc v tomto projektu pak pat\u0159\u00ed firm\u011b DURATEC a jej\u00ed majitelce ing. Kate\u0159in\u011b Duchkov\u00e9. Kola, na kter\u00fdch se ob\u011b reprezenta\u010dn\u00ed dvojice p\u0159edstav\u00ed, p\u0159edstavuj\u00ed absolutn\u00ed sv\u011btovou extrat\u0159\u00eddu a jsou vyrobena na m\u00edru ob\u011bma pos\u00e1dk\u00e1m. <\/em> <\/p>\n<p> <img decoding=\"async\" src=\"\/wordpress\/image\/k_clankum\/tandem_ter.jpg\"><br \/>ilustra\u010dn\u00ed foto<\/p>\n<p> &#8211; Uvid\u00edme i kompletn\u00ed reprezentaci handbike, v \u010dele s Marcelem Pipkem, Radkem Civi\u0161em a Pavlem D\u011bck\u00fdm. I na\u0161i handbike\u0159i absolvuj\u00ed z\u00e1vod z pln\u00e9ho tr\u00e9ninku, nicm\u00e9n\u011b bude jist\u011b velmi zaj\u00edmav\u00e9 sledovat, jak\u00e1 je jejich aktu\u00e1ln\u00ed forma p\u0159ed fin\u00e1le EHC v Lounech, na kter\u00e9 se v\u0161ichni p\u0159ipravuj\u00ed.<br \/> &#8211; Roz\u0161\u00ed\u0159en\u00ed zaznamen\u00e1 i realiza\u010dn\u00ed t\u00fdm, k tren\u00e9rovi Zapletalovi, mana\u017eerk\u00e1m Son\u011b Je\u017ekov\u00e9 a Kate\u0159in\u011b Krebsov\u00e9, webmasterce a fotografce V\u011b\u0159e Vodi\u010dkov\u00e9, se p\u0159id\u00e1 i nov\u00fd mechanik \u2013 Kv\u00e1sek senior \ud83d\ude42 M\u00edla Kvasni\u010dka se p\u0159id\u00e1 k mechanikovi Jirkovi Chybovi, zastoup\u00ed ho, kdy\u017e Jirka bude z\u00e1vodit a nast\u00e1lo roz\u0161\u00ed\u0159\u00ed \u0159ady realiza\u010dn\u00edho reprezenta\u010dn\u00edho t\u00fdmu.<br \/> &#8211; par\u0165\u00e1ka tak\u00e9 dostane reprezenta\u010dn\u00ed auto \u2013 Transport\u00e9r Emil, vzhledem k po\u010detnosti v\u00fdpravy ho na Slovensko doprovod\u00ed Transport\u00e9rka Helga.<br \/> &#8211; (!!!) Nem\u00e9n\u011b zaj\u00edmav\u00fd a po\u010detn\u00fd bude i doprovod reprezenta\u010dn\u00edho t\u00fdmu. Dohromady ho tvo\u0159\u00ed 23 lid\u00ed. FAN CLUB cyklist\u016f tvo\u0159\u00ed p\u0159edev\u0161\u00edm rodinn\u00ed p\u0159\u00edslu\u0161n\u00edci , sponzo\u0159i reprezenta\u010dn\u00edho t\u00fdmu i cyklist\u00e9, kte\u0159\u00ed se na z\u00e1vody nejvy\u0161\u0161\u00ed \u00farovn\u011b teprve p\u0159ipravuj\u00ed. <\/p>\n","protected":false},"excerpt":{"rendered":"<a href=\"https:\/\/www.caths.cz\/wordpress\/cykliste-odcestuji-na-posledni-podnik-evropskeho-poharu\/\"><img loading=\"lazy\" decoding=\"async\" width=\"100\" height=\"100\" src=\"https:\/\/www.caths.cz\/wordpress\/wp-content\/plugins\/thumbnail-for-excerpts\/tfe_no_thumb.png\" class=\"alignleft wp-post-image tfe\" alt=\"\" title=\"\" \/><\/a><p>N\u00e1dhern\u00e1 horsk\u00e1 vesni\u010dka T\u011brchov\u00e1 na Slovensku, m\u00edsto, kde \u017eil slavn\u00fd Juraj J\u00e1no\u0161\u00edk, p\u0159iv\u00edt\u00e1 o v\u00edkendu cyklisty z cel\u00e9 Evropy, na z\u00e1v\u011bre\u010dn\u00e9m podniku Evropsk\u00e9ho poh\u00e1ru. Pro \u010desk\u00fd t\u00fdm bude tento start [&hellip;]<\/p>\n","protected":false},"author":1,"featured_media":0,"comment_status":"closed","ping_status":"closed","sticky":false,"template":"","format":"standard","meta":{"ngg_post_thumbnail":0,"footnotes":""},"categories":[2],"tags":[],"class_list":["post-667","post","type-post","status-publish","format-standard","hentry","category-cyklistika"],"_links":{"self":[{"href":"https:\/\/www.caths.cz\/wordpress\/wp-json\/wp\/v2\/posts\/667","targetHints":{"allow":["GET"]}}],"collection":[{"href":"https:\/\/www.caths.cz\/wordpress\/wp-json\/wp\/v2\/posts"}],"about":[{"href":"https:\/\/www.caths.cz\/wordpress\/wp-json\/wp\/v2\/types\/post"}],"author":[{"embeddable":true,"href":"https:\/\/www.caths.cz\/wordpress\/wp-json\/wp\/v2\/users\/1"}],"replies":[{"embeddable":true,"href":"https:\/\/www.caths.cz\/wordpress\/wp-json\/wp\/v2\/comments?post=667"}],"version-history":[{"count":0,"href":"https:\/\/www.caths.cz\/wordpress\/wp-json\/wp\/v2\/posts\/667\/revisions"}],"wp:attachment":[{"href":"https:\/\/www.caths.cz\/wordpress\/wp-json\/wp\/v2\/media?parent=667"}],"wp:term":[{"taxonomy":"category","embeddable":true,"href":"https:\/\/www.caths.cz\/wordpress\/wp-json\/wp\/v2\/categories?post=667"},{"taxonomy":"post_tag","embeddable":true,"href":"https:\/\/www.caths.cz\/wordpress\/wp-json\/wp\/v2\/tags?post=667"}],"curies":[{"name":"wp","href":"https:\/\/api.w.org\/{rel}","templated":true}]}}