{"id":666,"date":"2008-07-07T21:21:02","date_gmt":"2008-07-07T20:21:02","guid":{"rendered":"http:\/\/www.caths.cz\/wordpress\/?p=666"},"modified":"2008-07-07T21:21:02","modified_gmt":"2008-07-07T20:21:02","slug":"treninkova-poradna-otazka-1","status":"publish","type":"post","link":"https:\/\/www.caths.cz\/wordpress\/treninkova-poradna-otazka-1\/","title":{"rendered":"Tr\u00e9ninkov\u00e1 poradna, ot\u00e1zka 1."},"content":{"rendered":"<p align=\"justify\">Odpov\u00edd\u00e1me na prvn\u00ed ot\u00e1zku nov\u00e9 pravideln\u00e9 rubriky<\/p>\n<p align=\"justify\"><strong> Dobr\u00fd den,<br \/> jsem b\u00fdval\u00fd vrcholov\u00fd sportovec, kter\u00fd po \u00farazu p\u00e1te\u0159e trp\u00ed \u010d\u00e1ste\u010dn\u00fdm ochrnut\u00edm doln\u00edch kon\u010detin. Sport v\u017edy tvo\u0159il ned\u00edlnou sou\u010d\u00e1st m\u00e9ho \u017eivota, a proto bych byl nev\u00fdslovn\u011b \u0161\u0165astn\u00fd, kdybych znovu mohl z\u00e1vodit. Zaj\u00edmalo by m\u011b, zda-li existuje n\u011bjak\u00e9 komplexn\u00ed vy\u0161et\u0159en\u00ed pro ur\u010den\u00ed m\u00edry posti\u017een\u00ed a co je pro to p\u0159\u00edpadn\u011b nutn\u00e9 ud\u011blat. P\u0159edem d\u011bkuji za odpov\u011b\u010f. <\/strong><\/p>\n<p> <strong>Odpov\u011b\u010f: <\/strong><br \/> Pro sportovn\u00ed klasifikaci budete pot\u0159ebovat p\u0159esnou a jasnou diagn\u00f3zu Va\u0161eho sou\u010dasn\u00e9ho zdravotn\u00edho stavu od l\u00e9ka\u0159\u016f specialist\u016f, ve Va\u0161em p\u0159\u00edpad\u011b tedy zpr\u00e1vu neurologa a ortopeda &#8211; spondylochirurga. Dal\u0161\u00ed u\u017e je v\u011bc\u00ed klasifik\u00e1tora p\u0159\u00edslu\u0161n\u00e9ho sportu, to je tak\u00e9 v\u011bt\u0161inou l\u00e9ka\u0159 \u010di fyzioterapeut, kter\u00fd provede dal\u0161\u00ed vy\u0161et\u0159en\u00ed a testy a na z\u00e1klad\u011b v\u00fdsledk\u016f V\u00e1m p\u0159id\u011bl\u00ed z\u00e1vodn\u00ed kategorii, nejd\u0159\u00edve do\u010dasnou a posl\u00e9ze i definitivn\u00ed.<\/p>\n<p> Z Va\u0161eho dotazu nev\u00edm, jak\u00fd sport jste provozoval p\u0159ed \u00farazem, ka\u017edop\u00e1dn\u011b na Va\u0161em rozhodnut\u00ed bude, jak\u00fd sport chcete provozovat nyn\u00ed. Je pot\u0159eba zv\u00e1\u017eit mo\u017enosti tr\u00e9ninku, finan\u010dn\u00ed n\u00e1kladnost, \u010di podporu n\u011bjak\u00e9ho t\u00fdmu, atd. Jin\u00fdmi slovy, pokud se rozhodnete nap\u0159\u00edklad pro cyklistiku \u010di ly\u017eov\u00e1n\u00ed, je pot\u0159eba po\u010d\u00edtat s ur\u010ditou po\u010d\u00e1te\u010dn\u00ed investic\u00ed do materi\u00e1lu a d\u00e1le tak\u00e9 zv\u00e1\u017eit mo\u017enosti tohoto sportu v m\u00edst\u011b Va\u0161eho bydli\u0161t\u011b &#8211; cyklotrasy, sjezdovky, atd. Dobr\u00e9 je vyzkou\u0161et v\u00edce sport\u016f, pokud nejste ji\u017e p\u0159\u00edmo pro n\u011bjak\u00fd konkr\u00e9tn\u00ed sport rozhodnut.<\/p>\n<p> Zdravotn\u00ed klasifikaci pak z\u00edsk\u00e1te p\u0159i absolov\u00e1n\u00ed prvn\u00edch z\u00e1vod\u016f, na kter\u00fdch bude p\u0159\u00edtomen ofici\u00e1ln\u00ed klasifik\u00e1tor. Nap\u0159\u00edklad v cyklistice je tomu tak prakticky na ka\u017ed\u00fdch mezin\u00e1rodn\u00edch z\u00e1vodech.<\/p>\n<p> Ka\u017edop\u00e1dn\u011b doporu\u010duji kontaktovat tren\u00e9ry sport\u016f, kter\u00e9 by V\u00e1s zaj\u00edmaly viz. kontakty na webu \u010cATHS \u010di p\u0159\u00edmo sekretari\u00e1t \u010cATHS, kter\u00fd V\u00e1m pot\u0159ebn\u00fd kontakt p\u0159ed\u00e1. Jde o odborn\u00edky na dan\u00fd sport a nast\u00edn\u00ed V\u00e1m jak v\u00fdkonnostn\u00ed tak i rekrea\u010dn\u00ed mo\u017enosti sportu, kter\u00fd provozuj\u00ed.<\/p>\n<p> Mgr.Viktor Zapletal <\/p>\n<p> <img decoding=\"async\" src=\"\/wordpress\/image\/k_clankum\/rtg.jpg\"><br \/>ilustra\u010dn\u00ed foto<\/p>\n","protected":false},"excerpt":{"rendered":"<a href=\"https:\/\/www.caths.cz\/wordpress\/treninkova-poradna-otazka-1\/\"><img loading=\"lazy\" decoding=\"async\" width=\"100\" height=\"100\" src=\"https:\/\/www.caths.cz\/wordpress\/wp-content\/plugins\/thumbnail-for-excerpts\/tfe_no_thumb.png\" class=\"alignleft wp-post-image tfe\" alt=\"\" title=\"\" \/><\/a><p>Odpov\u00edd\u00e1me na prvn\u00ed ot\u00e1zku nov\u00e9 pravideln\u00e9 rubriky Dobr\u00fd den, jsem b\u00fdval\u00fd vrcholov\u00fd sportovec, kter\u00fd po \u00farazu p\u00e1te\u0159e trp\u00ed \u010d\u00e1ste\u010dn\u00fdm ochrnut\u00edm doln\u00edch kon\u010detin. Sport v\u017edy tvo\u0159il ned\u00edlnou sou\u010d\u00e1st m\u00e9ho \u017eivota, a [&hellip;]<\/p>\n","protected":false},"author":1,"featured_media":0,"comment_status":"closed","ping_status":"closed","sticky":false,"template":"","format":"standard","meta":{"ngg_post_thumbnail":0,"footnotes":""},"categories":[26],"tags":[],"class_list":["post-666","post","type-post","status-publish","format-standard","hentry","category-treninkova-poradna"],"_links":{"self":[{"href":"https:\/\/www.caths.cz\/wordpress\/wp-json\/wp\/v2\/posts\/666","targetHints":{"allow":["GET"]}}],"collection":[{"href":"https:\/\/www.caths.cz\/wordpress\/wp-json\/wp\/v2\/posts"}],"about":[{"href":"https:\/\/www.caths.cz\/wordpress\/wp-json\/wp\/v2\/types\/post"}],"author":[{"embeddable":true,"href":"https:\/\/www.caths.cz\/wordpress\/wp-json\/wp\/v2\/users\/1"}],"replies":[{"embeddable":true,"href":"https:\/\/www.caths.cz\/wordpress\/wp-json\/wp\/v2\/comments?post=666"}],"version-history":[{"count":0,"href":"https:\/\/www.caths.cz\/wordpress\/wp-json\/wp\/v2\/posts\/666\/revisions"}],"wp:attachment":[{"href":"https:\/\/www.caths.cz\/wordpress\/wp-json\/wp\/v2\/media?parent=666"}],"wp:term":[{"taxonomy":"category","embeddable":true,"href":"https:\/\/www.caths.cz\/wordpress\/wp-json\/wp\/v2\/categories?post=666"},{"taxonomy":"post_tag","embeddable":true,"href":"https:\/\/www.caths.cz\/wordpress\/wp-json\/wp\/v2\/tags?post=666"}],"curies":[{"name":"wp","href":"https:\/\/api.w.org\/{rel}","templated":true}]}}