{"id":663,"date":"2008-07-04T14:26:31","date_gmt":"2008-07-04T13:26:31","guid":{"rendered":"http:\/\/www.caths.cz\/wordpress\/?p=663"},"modified":"2008-07-04T14:26:31","modified_gmt":"2008-07-04T13:26:31","slug":"lukostrelecka-reprezentace-ma-za-sebou-spolecne-soustredeni","status":"publish","type":"post","link":"https:\/\/www.caths.cz\/wordpress\/lukostrelecka-reprezentace-ma-za-sebou-spolecne-soustredeni\/","title":{"rendered":"Lukost\u0159eleck\u00e1 reprezentace m\u00e1 za sebou spole\u010dn\u00e9 soust\u0159ed\u011bn\u00ed"},"content":{"rendered":"<p align=\"justify\">Fotografie z lukost\u0159eleck\u00e9ho soust\u0159ed\u011bn\u00ed v Nov\u00e9m M\u011bst\u011b nad Metuj\u00ed<\/p>\n<p><img decoding=\"async\" src=\"\/wordpress\/image\/k_clankum\/lukosoustredeni\/1.jpg\"><\/p>\n<p> <img decoding=\"async\" src=\"\/wordpress\/image\/k_clankum\/lukosoustredeni\/2.jpg\"><\/p>\n<p> <img decoding=\"async\" src=\"\/wordpress\/image\/k_clankum\/lukosoustredeni\/3.jpg\"><\/p>\n<p> <img decoding=\"async\" src=\"\/wordpress\/image\/k_clankum\/lukosoustredeni\/4.jpg\"><\/p>\n<p> <img decoding=\"async\" src=\"\/wordpress\/image\/k_clankum\/lukosoustredeni\/5.jpg\"><\/p>\n<p> <img decoding=\"async\" src=\"\/wordpress\/image\/k_clankum\/lukosoustredeni\/6.jpg\"><\/p>\n<p> <img decoding=\"async\" src=\"\/wordpress\/image\/k_clankum\/lukosoustredeni\/7.jpg\"><\/p>\n<p> <img decoding=\"async\" src=\"\/wordpress\/image\/k_clankum\/lukosoustredeni\/8.jpg\"><\/p>\n<p> <img decoding=\"async\" src=\"\/wordpress\/image\/k_clankum\/lukosoustredeni\/9.jpg\"><\/p>\n<p> <img decoding=\"async\" src=\"\/wordpress\/image\/k_clankum\/lukosoustredeni\/10.jpg\"><\/p>\n","protected":false},"excerpt":{"rendered":"<a href=\"https:\/\/www.caths.cz\/wordpress\/lukostrelecka-reprezentace-ma-za-sebou-spolecne-soustredeni\/\"><img loading=\"lazy\" decoding=\"async\" width=\"100\" height=\"100\" src=\"https:\/\/www.caths.cz\/wordpress\/wp-content\/plugins\/thumbnail-for-excerpts\/tfe_no_thumb.png\" class=\"alignleft wp-post-image tfe\" alt=\"\" title=\"\" \/><\/a><p>Fotografie z lukost\u0159eleck\u00e9ho soust\u0159ed\u011bn\u00ed v Nov\u00e9m M\u011bst\u011b nad Metuj\u00ed<\/p>\n","protected":false},"author":1,"featured_media":0,"comment_status":"closed","ping_status":"closed","sticky":false,"template":"","format":"standard","meta":{"ngg_post_thumbnail":0,"footnotes":""},"categories":[13],"tags":[],"class_list":["post-663","post","type-post","status-publish","format-standard","hentry","category-lukostrelba"],"_links":{"self":[{"href":"https:\/\/www.caths.cz\/wordpress\/wp-json\/wp\/v2\/posts\/663","targetHints":{"allow":["GET"]}}],"collection":[{"href":"https:\/\/www.caths.cz\/wordpress\/wp-json\/wp\/v2\/posts"}],"about":[{"href":"https:\/\/www.caths.cz\/wordpress\/wp-json\/wp\/v2\/types\/post"}],"author":[{"embeddable":true,"href":"https:\/\/www.caths.cz\/wordpress\/wp-json\/wp\/v2\/users\/1"}],"replies":[{"embeddable":true,"href":"https:\/\/www.caths.cz\/wordpress\/wp-json\/wp\/v2\/comments?post=663"}],"version-history":[{"count":0,"href":"https:\/\/www.caths.cz\/wordpress\/wp-json\/wp\/v2\/posts\/663\/revisions"}],"wp:attachment":[{"href":"https:\/\/www.caths.cz\/wordpress\/wp-json\/wp\/v2\/media?parent=663"}],"wp:term":[{"taxonomy":"category","embeddable":true,"href":"https:\/\/www.caths.cz\/wordpress\/wp-json\/wp\/v2\/categories?post=663"},{"taxonomy":"post_tag","embeddable":true,"href":"https:\/\/www.caths.cz\/wordpress\/wp-json\/wp\/v2\/tags?post=663"}],"curies":[{"name":"wp","href":"https:\/\/api.w.org\/{rel}","templated":true}]}}