{"id":657,"date":"2008-06-26T11:54:57","date_gmt":"2008-06-26T10:54:57","guid":{"rendered":"http:\/\/www.caths.cz\/wordpress\/?p=657"},"modified":"2008-06-26T11:54:57","modified_gmt":"2008-06-26T10:54:57","slug":"fotografie-ze-zavodu-prazske-schody","status":"publish","type":"post","link":"https:\/\/www.caths.cz\/wordpress\/fotografie-ze-zavodu-prazske-schody\/","title":{"rendered":"Fotografie ze z\u00e1vodu Pra\u017esk\u00e9 schody"},"content":{"rendered":"<p align=\"justify\">N\u011bkolik fotografi\u00ed ze z\u00e1vodu, p\u0159i kter\u00e9m cyklist\u00e9 sj\u00ed\u017ed\u00ed po schodech z Pra\u017esk\u00e9ho hradu a kter\u00e9ho se exhibi\u010dn\u011b z\u00fa\u010dastnili i na\u0161i reprezentanti Je\u017eek s Kvasni\u010dkou.<\/p>\n<p><img decoding=\"async\" src=\"\/image\/k_clankum\/schody\/1.jpg\"><\/p>\n<p> <img decoding=\"async\" src=\"\/image\/k_clankum\/schody\/2.jpg\"><\/p>\n<p> <img decoding=\"async\" src=\"\/image\/k_clankum\/schody\/3.jpg\"><\/p>\n<p> <img decoding=\"async\" src=\"\/image\/k_clankum\/schody\/4.jpg\"><\/p>\n<p> <img decoding=\"async\" src=\"\/image\/k_clankum\/schody\/5.jpg\"><\/p>\n<p> <img decoding=\"async\" src=\"\/image\/k_clankum\/schody\/6.jpg\"><\/p>\n<p> <img decoding=\"async\" src=\"\/image\/k_clankum\/schody\/7.jpg\"><\/p>\n<p> <img decoding=\"async\" src=\"\/image\/k_clankum\/schody\/8.jpg\"><\/p>\n<p> <img decoding=\"async\" src=\"\/image\/k_clankum\/schody\/9.jpg\"><\/p>\n","protected":false},"excerpt":{"rendered":"<a href=\"https:\/\/www.caths.cz\/wordpress\/fotografie-ze-zavodu-prazske-schody\/\"><img loading=\"lazy\" decoding=\"async\" width=\"100\" height=\"100\" src=\"https:\/\/www.caths.cz\/wordpress\/wp-content\/plugins\/thumbnail-for-excerpts\/tfe_no_thumb.png\" class=\"alignleft wp-post-image tfe\" alt=\"\" title=\"\" \/><\/a><p>N\u011bkolik fotografi\u00ed ze z\u00e1vodu, p\u0159i kter\u00e9m cyklist\u00e9 sj\u00ed\u017ed\u00ed po schodech z Pra\u017esk\u00e9ho hradu a kter\u00e9ho se exhibi\u010dn\u011b z\u00fa\u010dastnili i na\u0161i reprezentanti Je\u017eek s Kvasni\u010dkou.<\/p>\n","protected":false},"author":1,"featured_media":0,"comment_status":"closed","ping_status":"closed","sticky":false,"template":"","format":"standard","meta":{"ngg_post_thumbnail":0,"footnotes":""},"categories":[8],"tags":[],"class_list":["post-657","post","type-post","status-publish","format-standard","hentry","category-fotoreporty"],"_links":{"self":[{"href":"https:\/\/www.caths.cz\/wordpress\/wp-json\/wp\/v2\/posts\/657","targetHints":{"allow":["GET"]}}],"collection":[{"href":"https:\/\/www.caths.cz\/wordpress\/wp-json\/wp\/v2\/posts"}],"about":[{"href":"https:\/\/www.caths.cz\/wordpress\/wp-json\/wp\/v2\/types\/post"}],"author":[{"embeddable":true,"href":"https:\/\/www.caths.cz\/wordpress\/wp-json\/wp\/v2\/users\/1"}],"replies":[{"embeddable":true,"href":"https:\/\/www.caths.cz\/wordpress\/wp-json\/wp\/v2\/comments?post=657"}],"version-history":[{"count":0,"href":"https:\/\/www.caths.cz\/wordpress\/wp-json\/wp\/v2\/posts\/657\/revisions"}],"wp:attachment":[{"href":"https:\/\/www.caths.cz\/wordpress\/wp-json\/wp\/v2\/media?parent=657"}],"wp:term":[{"taxonomy":"category","embeddable":true,"href":"https:\/\/www.caths.cz\/wordpress\/wp-json\/wp\/v2\/categories?post=657"},{"taxonomy":"post_tag","embeddable":true,"href":"https:\/\/www.caths.cz\/wordpress\/wp-json\/wp\/v2\/tags?post=657"}],"curies":[{"name":"wp","href":"https:\/\/api.w.org\/{rel}","templated":true}]}}