{"id":655,"date":"2008-06-25T11:47:48","date_gmt":"2008-06-25T10:47:48","guid":{"rendered":"http:\/\/www.caths.cz\/wordpress\/?p=655"},"modified":"2008-06-25T11:47:48","modified_gmt":"2008-06-25T10:47:48","slug":"cyklisticky-zavod-prazske-schody","status":"publish","type":"post","link":"https:\/\/www.caths.cz\/wordpress\/cyklisticky-zavod-prazske-schody\/","title":{"rendered":"Cyklistick\u00fd z\u00e1vod &quot;Pra\u017esk\u00e9 schody&quot;"},"content":{"rendered":"<p align=\"justify\">Pra\u017esk\u00fd hrad dnes p\u0159iv\u00edt\u00e1 nejlep\u0161\u00ed cyklisty, nejen z \u010cesk\u00e9 republiky, v exhibi\u010dn\u00edm a tradi\u010dn\u00edm z\u00e1vod\u011b horsk\u00fdch kol Pra\u017esk\u00e9 schody.<\/p>\n<p align=\"justify\">Po\u0159adatel\u00e9 akce spolu s televizn\u00edm koment\u00e1torem Robertem Bakal\u00e1\u0159em p\u0159ipravili pro leto\u0161n\u00ed ro\u010dn\u00edk p\u0159ekvapen\u00ed. P\u0159ed hlavn\u00edm z\u00e1vodem absolvuj\u00ed \u010destn\u00e9 kolo na\u0161i nejlep\u0161\u00ed t\u011blesn\u011b posti\u017een\u00ed cyklist\u00e9 v \u010dele s kapit\u00e1nem reprezenta\u010dn\u00edho t\u00fdmu, mistrem sv\u011bta a paralympijsk\u00fdm v\u00edt\u011bzem, Ji\u0159\u00edm Je\u017ekem.<br \/>Spolu s Jirkou schody sjede i nejmlad\u0161\u00ed \u010dlen reprezenta\u010dn\u00edho t\u00fdmu a nad\u011bje pro letn\u00ed paralympi\u00e1du v Pekingu &#8211; Tom\u00e1\u0161 Kvasni\u010dka.Oba na\u0161i reprezentanti p\u0159ed zraky div\u00e1k\u016f (kter\u00fdch se zde sch\u00e1z\u00ed p\u0159es 30 tis\u00edc) sjedou schody a pot\u00e9 projedou \u010destnou uli\u010dkou, kterou vytvo\u0159\u00ed na\u0161i nejlep\u0161\u00ed bike\u0159i v \u010dele s olympionikem a 11. mu\u017eem sv\u011bta z v\u00edkendov\u00e9ho mistrovstv\u00ed sv\u011bta ve Val di Sole, Jaroslavem Kulhav\u00fdm.<br \/>Tato symbolick\u00e1 j\u00edzda m\u00e1 vyj\u00e1d\u0159it obdiv cyklistick\u00e9 elity k v\u00fdkon\u016fm handicapovan\u00fdch cyklist\u016f a pop\u0159\u00e1t na\u0161im paralympionik\u016fm mnoho \u00fasp\u011bch\u016f v Pekingu.<br \/>Tak\u017ee i my p\u0159ejeme &#8211; hodn\u011b \u0161t\u011bst\u00ed v Pekingu, Je\u017euro, Kv\u00e1sku, Marceli a R\u00e1\u010fo!<\/p>\n","protected":false},"excerpt":{"rendered":"<a href=\"https:\/\/www.caths.cz\/wordpress\/cyklisticky-zavod-prazske-schody\/\"><img loading=\"lazy\" decoding=\"async\" width=\"100\" height=\"100\" src=\"https:\/\/www.caths.cz\/wordpress\/wp-content\/plugins\/thumbnail-for-excerpts\/tfe_no_thumb.png\" class=\"alignleft wp-post-image tfe\" alt=\"\" title=\"\" \/><\/a><p>Pra\u017esk\u00fd hrad dnes p\u0159iv\u00edt\u00e1 nejlep\u0161\u00ed cyklisty, nejen z \u010cesk\u00e9 republiky, v exhibi\u010dn\u00edm a tradi\u010dn\u00edm z\u00e1vod\u011b horsk\u00fdch kol Pra\u017esk\u00e9 schody. Po\u0159adatel\u00e9 akce spolu s televizn\u00edm koment\u00e1torem Robertem Bakal\u00e1\u0159em p\u0159ipravili pro leto\u0161n\u00ed [&hellip;]<\/p>\n","protected":false},"author":1,"featured_media":0,"comment_status":"closed","ping_status":"closed","sticky":false,"template":"","format":"standard","meta":{"ngg_post_thumbnail":0,"footnotes":""},"categories":[2],"tags":[],"class_list":["post-655","post","type-post","status-publish","format-standard","hentry","category-cyklistika"],"_links":{"self":[{"href":"https:\/\/www.caths.cz\/wordpress\/wp-json\/wp\/v2\/posts\/655","targetHints":{"allow":["GET"]}}],"collection":[{"href":"https:\/\/www.caths.cz\/wordpress\/wp-json\/wp\/v2\/posts"}],"about":[{"href":"https:\/\/www.caths.cz\/wordpress\/wp-json\/wp\/v2\/types\/post"}],"author":[{"embeddable":true,"href":"https:\/\/www.caths.cz\/wordpress\/wp-json\/wp\/v2\/users\/1"}],"replies":[{"embeddable":true,"href":"https:\/\/www.caths.cz\/wordpress\/wp-json\/wp\/v2\/comments?post=655"}],"version-history":[{"count":0,"href":"https:\/\/www.caths.cz\/wordpress\/wp-json\/wp\/v2\/posts\/655\/revisions"}],"wp:attachment":[{"href":"https:\/\/www.caths.cz\/wordpress\/wp-json\/wp\/v2\/media?parent=655"}],"wp:term":[{"taxonomy":"category","embeddable":true,"href":"https:\/\/www.caths.cz\/wordpress\/wp-json\/wp\/v2\/categories?post=655"},{"taxonomy":"post_tag","embeddable":true,"href":"https:\/\/www.caths.cz\/wordpress\/wp-json\/wp\/v2\/tags?post=655"}],"curies":[{"name":"wp","href":"https:\/\/api.w.org\/{rel}","templated":true}]}}