{"id":653,"date":"2008-06-24T16:56:07","date_gmt":"2008-06-24T15:56:07","guid":{"rendered":"http:\/\/www.caths.cz\/wordpress\/?p=653"},"modified":"2008-06-24T16:56:07","modified_gmt":"2008-06-24T15:56:07","slug":"ep-v-cyklistice-holzkirchen","status":"publish","type":"post","link":"https:\/\/www.caths.cz\/wordpress\/ep-v-cyklistice-holzkirchen\/","title":{"rendered":"EP v cyklistice &#8211; Holzkirchen"},"content":{"rendered":"<p align=\"justify\">\nTropick\u00fdm vedrem p\u0159iv\u00edtalo malebn\u00e9 m\u011bste\u010dko na \u00fapat\u00ed Alp \u2013 Holzkirchen, z\u00e1vodn\u00edky z cel\u00e9 Evropy na 4. podniku z\u00e1vodu Evropsk\u00e9ho poh\u00e1ru.<\/p>\n<p align=\"justify\"> <img decoding=\"async\" src=\"\/image\/k_clankum\/jezek_holz.jpg\"> <img decoding=\"async\" src=\"\/image\/k_clankum\/kvasek_holz.jpg\"><\/p>\n<p> <strong>Ji\u0159\u00ed Je\u017eek:<\/strong> p\u0159esto\u017ee unaven\u00fd v z\u00e1v\u011bru jarn\u00ed sez\u00f3ny a t\u011b\u0161\u00edc\u00ed se na 14 denn\u00ed tr\u00e9ninkov\u00e9 volno, zabojoval a vyhr\u00e1l s p\u0159ehledem jak p\u00e1te\u010dn\u00ed \u010dasovku, tak sobotn\u00ed silni\u010dn\u00ed z\u00e1vod. Na sou\u010dasnou taktiku sv\u011btov\u00e9ho pelotonu ve stylu \u201ev\u0161ichni si hl\u00edd\u00e1me Je\u017eka\u201c odpov\u011bd\u011bl v silni\u010dn\u00edm z\u00e1vod\u011b zp\u016fsobem, kter\u00fd si m\u016f\u017ee dovolit pouze mistr sv\u011bta \u2013 ihned po startu odjel cel\u00e9mu pelotonu spolu dal\u0161\u00edmi 2 z\u00e1vodn\u00edky, vypracovali t\u00e9m\u011b\u0159 2 minutov\u00fd odstup a s t\u00edmto n\u00e1skokem p\u0159ijel Jirka v\u00edt\u011bzn\u011b do c\u00edle. Jirka vede pr\u016fb\u011b\u017en\u00e9 po\u0159ad\u00ed EP, kdy\u017e doposud neztratil v \u017e\u00e1dn\u00e9m z\u00e1vod\u011b ani jeden bod (!).<\/p>\n<p> <strong>Tom\u00e1\u0161 Kvasni\u010dka:<\/strong> talentovan\u00fd junior si nejd\u0159\u00edve v p\u00e1tek zlep\u0161il sv\u016fj osobn\u00ed rekord na trati \u010dasovky o t\u00e9m\u011b\u0159 3 a p\u016fl minuty, kde vybojoval v\u00fdborn\u00e9 3. m\u00edsto a v sobotu uk\u00e1zal sv\u00fdm soupe\u0159\u016fm, v \u010dem je jeho nejv\u011bt\u0161\u00ed s\u00edla \u2013 z\u00e1v\u011bre\u010dn\u00fd spurt. S p\u0159ehledem zv\u00edt\u011bzil a upevnil si celkov\u00e9 veden\u00ed v seri\u00e1lu EP.<\/p>\n<p><img decoding=\"async\" src=\"\/image\/k_clankum\/jezek_holz1.jpg\"> <img decoding=\"async\" src=\"\/image\/k_clankum\/kvasek_holz1.jpg\"><\/p>\n<p> <strong>Radek Civi\u0161:<\/strong> v p\u00e1tek v n\u00e1ro\u010dn\u00e9m a velmi rychl\u00e9m silni\u010dn\u00edm z\u00e1vod\u011b i v sobotn\u00ed \u010dasovce prok\u00e1zal, \u017ee pat\u0159\u00ed do absolutn\u00ed sv\u011btov\u00e9 \u0161pi\u010dky, vybojoval vynikaj\u00edc\u00ed um\u00edst\u011bn\u00ed a sou\u010dasn\u00e1 v\u00fdkonnost jist\u011b Radkovi dod\u00e1 chu\u0165 do dal\u0161\u00edho tr\u00e9ninku a p\u0159\u00edpravy na LPH v Pekingu.<\/p>\n<p> <strong>Pavel D\u011bck\u00fd:<\/strong> zajel pravd\u011bpodobn\u011b sv\u00e9 nejlep\u0161\u00ed zahrani\u010dn\u00ed z\u00e1vody a znovu potvrdil, \u017ee pat\u0159\u00ed do reprezenta\u010dn\u00edho A t\u00fdmu i \u017ee mu pr\u00e1vem pat\u0159\u00ed veden\u00ed v celkov\u00e9m po\u0159ad\u00ed \u010cesk\u00e9ho poh\u00e1ru.<\/p>\n<p> <strong>Michal \u0160i\u0161ka:<\/strong> p\u0159ipravuje se na kvalifikaci z\u00e1vodu triatlonist\u016f Ironmann na Hawaii. Potvrdil sv\u00e9 leto\u0161n\u00ed velik\u00e9 v\u00fdkonnostn\u00ed zlep\u0161en\u00ed a p\u0159edev\u0161\u00edm sobotn\u00ed \u010dasovku zajel exelentn\u00ed zp\u016fsobem. Sv\u00fdm v\u00fdkonem potvrdil svou nominaci do reprezenta\u010dn\u00edho A t\u00fdmu handbike.<\/p>\n<p> <strong>Radim Pavl\u00edk:<\/strong> p\u00e1te\u010dn\u00ed \u010dasovku zajel sp\u00ed\u0161e pr\u016fm\u011brn\u00fdm zp\u016fsobem, v\u0161e si v\u0161ak vynahradil v sobotu, kde p\u0159edvedl velmi dobr\u00fd t\u00fdmov\u00fd v\u00fdkon, kdy\u017e ob\u011btoval sv\u00e9 um\u00edst\u011bn\u00ed v z\u00e1vod\u011b pro \u00fasp\u011bch v \u010dele jedouc\u00edho Jirky Je\u017eka. Zaslou\u017eenou pochvalu dostal jak od reprezenta\u010dn\u00edho kapit\u00e1na Jirky Je\u017eka, tak od tren\u00e9ra Zapletala. V celkov\u00e9m po\u0159ad\u00ed EP figuruje na velmi p\u011bkn\u00e9m 6. m\u00edst\u011b.<\/p>\n<p> <strong>Stanislav B\u00edza a Jan Tom\u00e1nek:<\/strong> zat\u00edm sb\u00edraj\u00ed pot\u0159ebn\u00e9 z\u00e1vodn\u00ed zku\u0161enosti, z\u00e1vody EP zat\u00edm pat\u0159ily k t\u011bm nejt\u011b\u017e\u0161\u00edm (z pohledu konkurence), co doposud ve sv\u00e9 kari\u00e9\u0159e absolvovali. Oba z\u00e1vodn\u00edci se p\u0159edstav\u00ed ve fin\u00e1le EP v T\u011brchov\u00e9. <\/p>\n<p><strong>V\u00ddSLEDKY:<\/strong><\/p>\n<p> <strong>P\u00c1TEK 20.6.2008 &#8211; Valley<\/strong> <\/p>\n<p> <a href=\"http:\/\/www.rslc-holzkirchen.de\/web-data\/Komponenten\/RSF2008\/RFS08_0620_Rennen%201_IPC_HC_Kategorien.pdf\" target=_blank><strong> handbiky silni\u010dn\u00ed z\u00e1vod<\/strong><\/a><br \/> <a href=\"http:\/\/www.rslc-holzkirchen.de\/web-data\/Komponenten\/RSF2008\/RSF08_0620_Rennen%202_IPC_LC.pdf\" target=_blank><strong> LC \u010dasovka<\/strong><\/a><br \/> <a href=\"http:\/\/www.rslc-holzkirchen.de\/web-data\/Komponenten\/RSF2008\/RSF08_0620_Rennen%202_IPC_CP.pdf\" target=_blank><strong> CP \u010dasovka<\/strong><\/a><\/p>\n<p> <strong>SOBOTA 21.6.2008 &#8211; Holzkirchen<\/strong><\/p>\n<p> <a href=\"http:\/\/www.rslc-holzkirchen.de\/web-data\/Komponenten\/RSF2008\/RSF08_0621_Rennen4_IPC_LC_CP3-4_Kategorien.pdf\" target=_blank><strong> silni\u010dn\u00ed z\u00e1vod CP3, LC3, LC4<\/strong><\/a><br \/> <a href=\"http:\/\/www.rslc-holzkirchen.de\/web-data\/Komponenten\/RSF2008\/RSF08_0621_Rennen3_IPC_EZF_HC_Kategorien.pdf\" target=_blank><strong> handbiky \u010dasovka<\/strong><\/a><br \/> <a href=\"http:\/\/www.rslc-holzkirchen.de\/web-data\/Komponenten\/RSF2008\/RSF08_0621_Rennen5_IPC_LC_CP1-2_Kategorien.pdf\" target=_blank><strong> silni\u010dn\u00ed z\u00e1vod LC1, LC2, CP4<\/strong><\/a><\/p>\n","protected":false},"excerpt":{"rendered":"<a href=\"https:\/\/www.caths.cz\/wordpress\/ep-v-cyklistice-holzkirchen\/\"><img loading=\"lazy\" decoding=\"async\" width=\"100\" height=\"100\" src=\"https:\/\/www.caths.cz\/wordpress\/wp-content\/plugins\/thumbnail-for-excerpts\/tfe_no_thumb.png\" class=\"alignleft wp-post-image tfe\" alt=\"\" title=\"\" \/><\/a><p>Tropick\u00fdm vedrem p\u0159iv\u00edtalo malebn\u00e9 m\u011bste\u010dko na \u00fapat\u00ed Alp \u2013 Holzkirchen, z\u00e1vodn\u00edky z cel\u00e9 Evropy na 4. podniku z\u00e1vodu Evropsk\u00e9ho poh\u00e1ru. Ji\u0159\u00ed Je\u017eek: p\u0159esto\u017ee unaven\u00fd v z\u00e1v\u011bru jarn\u00ed sez\u00f3ny a t\u011b\u0161\u00edc\u00ed [&hellip;]<\/p>\n","protected":false},"author":1,"featured_media":0,"comment_status":"closed","ping_status":"closed","sticky":false,"template":"","format":"standard","meta":{"ngg_post_thumbnail":0,"footnotes":""},"categories":[2],"tags":[],"class_list":["post-653","post","type-post","status-publish","format-standard","hentry","category-cyklistika"],"_links":{"self":[{"href":"https:\/\/www.caths.cz\/wordpress\/wp-json\/wp\/v2\/posts\/653","targetHints":{"allow":["GET"]}}],"collection":[{"href":"https:\/\/www.caths.cz\/wordpress\/wp-json\/wp\/v2\/posts"}],"about":[{"href":"https:\/\/www.caths.cz\/wordpress\/wp-json\/wp\/v2\/types\/post"}],"author":[{"embeddable":true,"href":"https:\/\/www.caths.cz\/wordpress\/wp-json\/wp\/v2\/users\/1"}],"replies":[{"embeddable":true,"href":"https:\/\/www.caths.cz\/wordpress\/wp-json\/wp\/v2\/comments?post=653"}],"version-history":[{"count":0,"href":"https:\/\/www.caths.cz\/wordpress\/wp-json\/wp\/v2\/posts\/653\/revisions"}],"wp:attachment":[{"href":"https:\/\/www.caths.cz\/wordpress\/wp-json\/wp\/v2\/media?parent=653"}],"wp:term":[{"taxonomy":"category","embeddable":true,"href":"https:\/\/www.caths.cz\/wordpress\/wp-json\/wp\/v2\/categories?post=653"},{"taxonomy":"post_tag","embeddable":true,"href":"https:\/\/www.caths.cz\/wordpress\/wp-json\/wp\/v2\/tags?post=653"}],"curies":[{"name":"wp","href":"https:\/\/api.w.org\/{rel}","templated":true}]}}