{"id":652,"date":"2008-06-24T09:43:07","date_gmt":"2008-06-24T08:43:07","guid":{"rendered":"http:\/\/www.caths.cz\/wordpress\/?p=652"},"modified":"2008-06-24T09:43:07","modified_gmt":"2008-06-24T08:43:07","slug":"na-mcr-v-atletice-v-pardubicich-se-darilo-predevsim-domacim-zavodnikum","status":"publish","type":"post","link":"https:\/\/www.caths.cz\/wordpress\/na-mcr-v-atletice-v-pardubicich-se-darilo-predevsim-domacim-zavodnikum\/","title":{"rendered":"Na M\u010cR v atletice v Pardubic\u00edch se da\u0159ilo p\u0159edev\u0161\u00edm dom\u00e1c\u00edm z\u00e1vodn\u00edk\u016fm"},"content":{"rendered":"<p align=\"justify\">Mistrovstv\u00ed \u010cesk\u00e9 republiky v atletice voz\u00ed\u010dk\u00e1\u0159\u016f prob\u011bhlo na stadionu Hv\u011bzdy SKP Pardubice v ned\u011bli 22. \u010dervna 2008. Ve v\u0161ech t\u0159ech vrha\u010dsk\u00fdch discipl\u00edn\u00e1ch sout\u011b\u017eilo celkem \u010dty\u0159iadvacet sportovc\u016f ve slou\u010den\u00fdch kategori\u00edch \u017eeny (F51-F58), mu\u017ei &#8222;kvadru&#8220; (F51-F53, F32-F34) a mu\u017ei &#8222;para&#8220; (F54-F58).\n<\/p>\n<p align=\"justify\"> Prvn\u00ed letn\u00ed ned\u011bli m\u011bli nejv\u011bt\u0161\u00ed formu atleti v dresech po\u0159\u00e1daj\u00edc\u00edho klubu. Mezi \u017eenami z\u00edskala dva mistrovsk\u00e9 tituly Jana Fesslov\u00e1, mezi mu\u017ei &#8222;para&#8220; dokonce v\u0161echny t\u0159i Martin N\u011bmec. Mezi mu\u017ei &#8222;kvadru&#8220; se mistrem \u010cesk\u00e9 republiky pro rok 2008 v hodu o\u0161t\u011bpem\/ku\u017eelkou stal Jan Van\u011bk a v disku Martin Zvol\u00e1nek. Pouze ve vrhu koul\u00ed dok\u00e1zal z\u00edskat titul n\u011bkdo jin\u00fd ne\u017e \u010dlen pardubick\u00e9 Hv\u011bzdy &#8211; Ale\u0161 Kis\u00fd z AFK Chrudim. <\/p>\n<p> V Pardubic\u00edch padly celkem \u010dty\u0159i nov\u00e9 \u010desk\u00e9 rekordy. Jan\u011b Fesslov\u00e9 se op\u011bt da\u0159ilo v hodu diskem, ve kter\u00e9m o dva centimetry p\u0159ekonala u\u017e \u0161estadvacetimetrovou hranici. Ale\u0161 Kis\u00fd vylep\u0161il n\u00e1rodn\u00ed koula\u0159sk\u00e9 maximum skupiny F53 na 7,86 metru. Atletick\u00fd nov\u00e1\u010dek Marie B\u00e1rtov\u00e1 stanovovala etalony pro skupinu F56 &#8211; 10,06 v disku a 9,11 v o\u0161t\u011bpu. Kompletn\u00ed v\u00fdsledky na str\u00e1nk\u00e1ch SK Moravia Brno. <\/p>\n<p> <a href=\"http:\/\/skmoravia.cz\/atletika\/ostatni\/MCR08.pdf\" target=_blank><strong> V\u00fdsledky zde<\/strong><\/a><\/p>\n","protected":false},"excerpt":{"rendered":"<a href=\"https:\/\/www.caths.cz\/wordpress\/na-mcr-v-atletice-v-pardubicich-se-darilo-predevsim-domacim-zavodnikum\/\"><img loading=\"lazy\" decoding=\"async\" width=\"100\" height=\"100\" src=\"https:\/\/www.caths.cz\/wordpress\/wp-content\/plugins\/thumbnail-for-excerpts\/tfe_no_thumb.png\" class=\"alignleft wp-post-image tfe\" alt=\"\" title=\"\" \/><\/a><p>Mistrovstv\u00ed \u010cesk\u00e9 republiky v atletice voz\u00ed\u010dk\u00e1\u0159\u016f prob\u011bhlo na stadionu Hv\u011bzdy SKP Pardubice v ned\u011bli 22. \u010dervna 2008. Ve v\u0161ech t\u0159ech vrha\u010dsk\u00fdch discipl\u00edn\u00e1ch sout\u011b\u017eilo celkem \u010dty\u0159iadvacet sportovc\u016f ve slou\u010den\u00fdch kategori\u00edch \u017eeny [&hellip;]<\/p>\n","protected":false},"author":1,"featured_media":0,"comment_status":"closed","ping_status":"closed","sticky":false,"template":"","format":"standard","meta":{"ngg_post_thumbnail":0,"footnotes":""},"categories":[5],"tags":[],"class_list":["post-652","post","type-post","status-publish","format-standard","hentry","category-atletika"],"_links":{"self":[{"href":"https:\/\/www.caths.cz\/wordpress\/wp-json\/wp\/v2\/posts\/652","targetHints":{"allow":["GET"]}}],"collection":[{"href":"https:\/\/www.caths.cz\/wordpress\/wp-json\/wp\/v2\/posts"}],"about":[{"href":"https:\/\/www.caths.cz\/wordpress\/wp-json\/wp\/v2\/types\/post"}],"author":[{"embeddable":true,"href":"https:\/\/www.caths.cz\/wordpress\/wp-json\/wp\/v2\/users\/1"}],"replies":[{"embeddable":true,"href":"https:\/\/www.caths.cz\/wordpress\/wp-json\/wp\/v2\/comments?post=652"}],"version-history":[{"count":0,"href":"https:\/\/www.caths.cz\/wordpress\/wp-json\/wp\/v2\/posts\/652\/revisions"}],"wp:attachment":[{"href":"https:\/\/www.caths.cz\/wordpress\/wp-json\/wp\/v2\/media?parent=652"}],"wp:term":[{"taxonomy":"category","embeddable":true,"href":"https:\/\/www.caths.cz\/wordpress\/wp-json\/wp\/v2\/categories?post=652"},{"taxonomy":"post_tag","embeddable":true,"href":"https:\/\/www.caths.cz\/wordpress\/wp-json\/wp\/v2\/tags?post=652"}],"curies":[{"name":"wp","href":"https:\/\/api.w.org\/{rel}","templated":true}]}}