{"id":648,"date":"2008-06-16T22:37:37","date_gmt":"2008-06-16T21:37:37","guid":{"rendered":"http:\/\/www.caths.cz\/wordpress\/?p=648"},"modified":"2008-06-16T22:37:37","modified_gmt":"2008-06-16T21:37:37","slug":"na-tradicnim-festivalu-lekarskych-kapel-motolfest-poradanem-na-podporu-caths-tancovalo-pres-tisic-navstevniku","status":"publish","type":"post","link":"https:\/\/www.caths.cz\/wordpress\/na-tradicnim-festivalu-lekarskych-kapel-motolfest-poradanem-na-podporu-caths-tancovalo-pres-tisic-navstevniku\/","title":{"rendered":"Na tradi\u010dn\u00edm festivalu l\u00e9ka\u0159sk\u00fdch kapel MotoLFest, po\u0159\u00e1danem na podporu \u010cATHS, tancovalo p\u0159es tis\u00edc n\u00e1v\u0161t\u011bvn\u00edk\u016f"},"content":{"rendered":"<p align=\"justify\">\n<p>V p\u00e1tek 13.6. se v nev\u0161edn\u00edch prostor\u00e1ch Klubu 2. l\u00e9ka\u0159sk\u00e9 fakulty Dr. Voj\u00e1k v Motole uskute\u010dnil ji\u017e <\/p>\n<p>4. ro\u010dn\u00edk Open Air festivalu doktorsk\u00fdch kapel, tradi\u010dn\u00ed a st\u00e1le v\u00edce popul\u00e1rn\u00ed MotoLFest 008.\n<\/p>\n<p align=\"justify\"> Unik\u00e1tn\u00ed na tomto festivalu je, \u017ee z\u00e1kladem v\u0161ech kapel jsou jen a pouze l\u00e9ka\u0159i, l\u00e9k\u00e1rn\u00edci \u010di studenti medic\u00edny. A nev\u011b\u0159ili byste, jak profesion\u00e1ln\u011b ovl\u00e1daj\u00ed sv\u00e9 hudebn\u00ed n\u00e1stroje.<br \/> Organiz\u00e1to\u0159i mystick\u00e9 datum zvolili a ozna\u010dili, jako v\u00fdzvu &#8222;temn\u00fdm sil\u00e1m&#8220;. Sv\u016fj netradi\u010dn\u00ed a odv\u00e1\u017en\u00fd boj se jim poda\u0159ilo zvl\u00e1dnout a odm\u011bnou jim bylo nad\u0161en\u00ed davu n\u00e1v\u0161t\u011bvn\u00edk\u016f kter\u00fd se odhaduje na p\u0159ibli\u017en\u011b 1000. <br \/> Leto\u0161n\u00ed MotoLFest byl v\u011bnovan\u00fd \u010cATHS. Po celou dobu prob\u00edhala finan\u010dn\u00ed sb\u00edrka na podporu za\u010d\u00ednaj\u00edc\u00edch handicapovan\u00fdch sportovc\u016f. Jej\u00ed v\u00fdsledek je v\u00edce ne\u017e hmatateln\u00fd &#8211; ke sb\u00edrce se p\u0159idal sponzorsk\u00fd dar Klubu Dr. Voj\u00e1k a na sv\u011bt\u011b bylo \u0161pi\u010dkov\u00e9 z\u00e1vodn\u00ed kolo na kter\u00e9m ji\u017e nyn\u00ed jezd\u00ed a tr\u00e9nuje za\u010d\u00ednaj\u00edc\u00ed cyklista s nadkolen\u00ed amputac\u00ed.<br \/> Tancuj\u00edc\u00ed a zp\u00edvaj\u00edc\u00ed div\u00e1ky p\u0159i\u0161el pozdravit tak\u00e9 mistr sv\u011bta a paralympijsk\u00fd v\u00edt\u011bz Jirka Je\u017eek. Klub 2.LF Dr. Voj\u00e1k se rozhodl dlouhodob\u011b zam\u011b\u0159it svou pomoc z koncert\u016f a kulturn\u00edch akc\u00ed, kter\u00e9 se zde pravideln\u011b po\u0159\u00e1daj\u00ed jako podporu, propagaci a pomoc \u010cATHS.<br \/> Dal\u0161\u00ed velk\u00fd koncert na podporu za\u010d\u00ednaj\u00edc\u00edch handicapovan\u00fdch sportovc\u016f \u010cATHS n\u00e1s tedy \u010dek\u00e1 v p\u00e1tek 10.10. 008!<\/p>\n<p> <img decoding=\"async\" src=\"\/image\/k_clankum\/mot1.jpg\"><br \/> sportovce p\u0159i\u0161li podpo\u0159it z\u00e1stupci n\u00e1mo\u0159nictva, pot\u00e1p\u011b\u010d\u016f i hmyzu <br \/> <img decoding=\"async\" src=\"\/image\/k_clankum\/mot2.jpg\"><br \/> a nebyli rozhodn\u011b sami \ud83d\ude42 <br \/> <img decoding=\"async\" src=\"\/image\/k_clankum\/mot3.jpg\"><\/p>\n<p> <img decoding=\"async\" src=\"\/image\/k_clankum\/mot4.jpg\"><\/p>\n<p> <img decoding=\"async\" src=\"\/image\/k_clankum\/mot5.jpg\"><\/p>\n<p> <img decoding=\"async\" src=\"\/image\/k_clankum\/mot6.jpg\"> <\/p>\n","protected":false},"excerpt":{"rendered":"<a href=\"https:\/\/www.caths.cz\/wordpress\/na-tradicnim-festivalu-lekarskych-kapel-motolfest-poradanem-na-podporu-caths-tancovalo-pres-tisic-navstevniku\/\"><img loading=\"lazy\" decoding=\"async\" width=\"100\" height=\"100\" src=\"https:\/\/www.caths.cz\/wordpress\/wp-content\/plugins\/thumbnail-for-excerpts\/tfe_no_thumb.png\" class=\"alignleft wp-post-image tfe\" alt=\"\" title=\"\" \/><\/a><p>V p\u00e1tek 13.6. se v nev\u0161edn\u00edch prostor\u00e1ch Klubu 2. l\u00e9ka\u0159sk\u00e9 fakulty Dr. Voj\u00e1k v Motole uskute\u010dnil ji\u017e 4. ro\u010dn\u00edk Open Air festivalu doktorsk\u00fdch kapel, tradi\u010dn\u00ed a st\u00e1le v\u00edce popul\u00e1rn\u00ed MotoLFest [&hellip;]<\/p>\n","protected":false},"author":1,"featured_media":0,"comment_status":"closed","ping_status":"closed","sticky":false,"template":"","format":"standard","meta":{"ngg_post_thumbnail":0,"footnotes":""},"categories":[6],"tags":[],"class_list":["post-648","post","type-post","status-publish","format-standard","hentry","category-caths-info"],"_links":{"self":[{"href":"https:\/\/www.caths.cz\/wordpress\/wp-json\/wp\/v2\/posts\/648","targetHints":{"allow":["GET"]}}],"collection":[{"href":"https:\/\/www.caths.cz\/wordpress\/wp-json\/wp\/v2\/posts"}],"about":[{"href":"https:\/\/www.caths.cz\/wordpress\/wp-json\/wp\/v2\/types\/post"}],"author":[{"embeddable":true,"href":"https:\/\/www.caths.cz\/wordpress\/wp-json\/wp\/v2\/users\/1"}],"replies":[{"embeddable":true,"href":"https:\/\/www.caths.cz\/wordpress\/wp-json\/wp\/v2\/comments?post=648"}],"version-history":[{"count":0,"href":"https:\/\/www.caths.cz\/wordpress\/wp-json\/wp\/v2\/posts\/648\/revisions"}],"wp:attachment":[{"href":"https:\/\/www.caths.cz\/wordpress\/wp-json\/wp\/v2\/media?parent=648"}],"wp:term":[{"taxonomy":"category","embeddable":true,"href":"https:\/\/www.caths.cz\/wordpress\/wp-json\/wp\/v2\/categories?post=648"},{"taxonomy":"post_tag","embeddable":true,"href":"https:\/\/www.caths.cz\/wordpress\/wp-json\/wp\/v2\/tags?post=648"}],"curies":[{"name":"wp","href":"https:\/\/api.w.org\/{rel}","templated":true}]}}