{"id":644,"date":"2008-06-13T10:51:06","date_gmt":"2008-06-13T09:51:06","guid":{"rendered":"http:\/\/www.caths.cz\/wordpress\/?p=644"},"modified":"2008-06-13T10:51:06","modified_gmt":"2008-06-13T09:51:06","slug":"komise-uci-planuje-vznik-ctyrdilneho-svetoveho-poharu-v-cyklistice","status":"publish","type":"post","link":"https:\/\/www.caths.cz\/wordpress\/komise-uci-planuje-vznik-ctyrdilneho-svetoveho-poharu-v-cyklistice\/","title":{"rendered":"Komise UCI pl\u00e1nuje vznik \u010dty\u0159d\u00edln\u00e9ho sv\u011btov\u00e9ho poh\u00e1ru v cyklistice"},"content":{"rendered":"<p align=\"justify\">Komise UCI pro paralympijskou cyklistiku vysly\u0161ela spole\u010dn\u00fd n\u00e1vrh n\u011bkolika zem\u00ed, mezi nimi\u017e byla i \u010cesk\u00e1 republika a po\u010d\u00ednaje rokem 2010 chce zav\u00e9st sv\u011btov\u00fd poh\u00e1r v silni\u010dn\u00ed i dr\u00e1hov\u00e9 cyklistice, kter\u00fd budou tvo\u0159it 4 z\u00e1vody: 1 v Americe, 2 v Evrop\u011b a 1 v Asii \/ Oceanii. <br \/> O tomto t\u00e9matu bude diskutovat a hlasovat f\u00f3rum \u010dlensk\u00fdch zem\u00ed, kter\u00e9 prob\u011bhne 15. \u017e\u00e1\u0159\u00ed v Pekingu b\u011bhem tamn\u00ed paralympi\u00e1dy.<\/p>\n<p> <img decoding=\"async\" src=\"\/image\/k_clankum\/uci.jpg\"><\/p>\n","protected":false},"excerpt":{"rendered":"<a href=\"https:\/\/www.caths.cz\/wordpress\/komise-uci-planuje-vznik-ctyrdilneho-svetoveho-poharu-v-cyklistice\/\"><img loading=\"lazy\" decoding=\"async\" width=\"100\" height=\"100\" src=\"https:\/\/www.caths.cz\/wordpress\/wp-content\/plugins\/thumbnail-for-excerpts\/tfe_no_thumb.png\" class=\"alignleft wp-post-image tfe\" alt=\"\" title=\"\" \/><\/a><p>Komise UCI pro paralympijskou cyklistiku vysly\u0161ela spole\u010dn\u00fd n\u00e1vrh n\u011bkolika zem\u00ed, mezi nimi\u017e byla i \u010cesk\u00e1 republika a po\u010d\u00ednaje rokem 2010 chce zav\u00e9st sv\u011btov\u00fd poh\u00e1r v silni\u010dn\u00ed i dr\u00e1hov\u00e9 cyklistice, kter\u00fd [&hellip;]<\/p>\n","protected":false},"author":1,"featured_media":0,"comment_status":"closed","ping_status":"closed","sticky":false,"template":"","format":"standard","meta":{"ngg_post_thumbnail":0,"footnotes":""},"categories":[2],"tags":[],"class_list":["post-644","post","type-post","status-publish","format-standard","hentry","category-cyklistika"],"_links":{"self":[{"href":"https:\/\/www.caths.cz\/wordpress\/wp-json\/wp\/v2\/posts\/644","targetHints":{"allow":["GET"]}}],"collection":[{"href":"https:\/\/www.caths.cz\/wordpress\/wp-json\/wp\/v2\/posts"}],"about":[{"href":"https:\/\/www.caths.cz\/wordpress\/wp-json\/wp\/v2\/types\/post"}],"author":[{"embeddable":true,"href":"https:\/\/www.caths.cz\/wordpress\/wp-json\/wp\/v2\/users\/1"}],"replies":[{"embeddable":true,"href":"https:\/\/www.caths.cz\/wordpress\/wp-json\/wp\/v2\/comments?post=644"}],"version-history":[{"count":0,"href":"https:\/\/www.caths.cz\/wordpress\/wp-json\/wp\/v2\/posts\/644\/revisions"}],"wp:attachment":[{"href":"https:\/\/www.caths.cz\/wordpress\/wp-json\/wp\/v2\/media?parent=644"}],"wp:term":[{"taxonomy":"category","embeddable":true,"href":"https:\/\/www.caths.cz\/wordpress\/wp-json\/wp\/v2\/categories?post=644"},{"taxonomy":"post_tag","embeddable":true,"href":"https:\/\/www.caths.cz\/wordpress\/wp-json\/wp\/v2\/tags?post=644"}],"curies":[{"name":"wp","href":"https:\/\/api.w.org\/{rel}","templated":true}]}}