{"id":643,"date":"2008-06-12T22:15:06","date_gmt":"2008-06-12T21:15:06","guid":{"rendered":"http:\/\/www.caths.cz\/wordpress\/?p=643"},"modified":"2008-06-12T22:15:06","modified_gmt":"2008-06-12T21:15:06","slug":"handbiker-radim-liska-mapuje-turisticke-cyklotrasy-pro-vozickare","status":"publish","type":"post","link":"https:\/\/www.caths.cz\/wordpress\/handbiker-radim-liska-mapuje-turisticke-cyklotrasy-pro-vozickare\/","title":{"rendered":"Handbiker Radim Li\u0161ka mapuje turistick\u00e9 cyklotrasy pro voz\u00ed\u010dk\u00e1\u0159e"},"content":{"rendered":"<p align=\"justify\">\nHandbiker Radim Li\u0161ka, kter\u00fd v posledn\u00edm z\u00e1vod\u011b \u010cesk\u00e9ho poh\u00e1ru v R\u00fdma\u0159ov\u011b obsadil t\u0159et\u00ed m\u00edsto a v celkov\u00e9m po\u0159ad\u00ed \u010cesk\u00e9ho poh\u00e1ru figuruje rovn\u011b\u017e na vynikaj\u00edc\u00edm t\u0159et\u00edm m\u00edst\u011b, se rozhodl zmapovat turistick\u00e9 stezky pro voz\u00ed\u010dk\u00e1\u0159e v okol\u00ed Brna a pom\u00e1hat tak i dal\u0161\u00edm handicapovan\u00fdm cyklist\u016fm, kte\u0159\u00ed jezd\u00ed na handbiku.<\/p>\n<p align=\"justify\"> Kn\u00ed\u017ee\u010dka, kterou Radim napsal se jmenuje: <strong>D\u0159ina &#8211; relax na voz\u00edku? Zkuste na\u0161i turistiku! <\/strong> a mapuje osm turistick\u00fdch stezek v Brn\u011b a okol\u00ed. V publikaci informuje cykloturisty na handbiku o n\u00e1ro\u010dnosti trasy, zna\u010den\u00ed, profilu, povrchu, atd., jednodu\u0161e \u0159e\u010deno, pokud chcete za\u010d\u00edt sportovat, \u010di si naj\u00edt pro sebe ide\u00e1ln\u00ed tr\u00e9ninkovou cyklotrasu \u2013 p\u0159e\u010dt\u011bte si Radimovu publikaci a vyu\u017eijte jeho praktick\u00fdch rad. <br \/> Bro\u017eurka se brzy do\u010dk\u00e1 dal\u0161\u00edho roz\u0161\u00ed\u0159en\u00ed, Radim nyn\u00ed mapuje trasy sm\u011brem k Mikulovu a Maco\u0161e. Pokud m\u00e1te o bro\u017eurku z\u00e1jem, nav\u0161tivte <strong><a href=\"http:\/\/www.handicaptour.cz\/\"><font color=\"#0066CC\">www.handicaptour.cz<\/font><\/a><\/strong> a nechte zde Radimovi vzkaz.<br \/> Redak\u010dn\u00ed rada webu \u010cATHS se pokus\u00ed v dohledn\u00e9 dob\u011b z\u00edskat \u00fadaje o v\u0161ech mo\u017en\u00fdch cyklotras\u00e1ch v cel\u00e9 \u010cesk\u00e9 republice, vhodn\u00fdch pro handicapovan\u00e9 sportovce a tento seznam postupn\u011b na t\u011bchto str\u00e1nk\u00e1ch zve\u0159ejnit. <br \/> Na tuto letn\u00ed, cyklistickou mapu nav\u00e1\u017ee na podzim mapa zimn\u00ed \u2013 ly\u017ea\u0159sk\u00e1, kter\u00e1 je ji\u017e hotov\u00e1 a ve kter\u00e9 v\u00e1m p\u0159ineseme hodnocen\u00ed na\u0161ich ly\u017ea\u0159sk\u00fdch st\u0159edisek, z pohledu bezbari\u00e9rovosti a tedy vhodnosti pro j\u00edzdu na monoski. <\/p>\n","protected":false},"excerpt":{"rendered":"<a href=\"https:\/\/www.caths.cz\/wordpress\/handbiker-radim-liska-mapuje-turisticke-cyklotrasy-pro-vozickare\/\"><img loading=\"lazy\" decoding=\"async\" width=\"100\" height=\"100\" src=\"https:\/\/www.caths.cz\/wordpress\/wp-content\/plugins\/thumbnail-for-excerpts\/tfe_no_thumb.png\" class=\"alignleft wp-post-image tfe\" alt=\"\" title=\"\" \/><\/a><p>Handbiker Radim Li\u0161ka, kter\u00fd v posledn\u00edm z\u00e1vod\u011b \u010cesk\u00e9ho poh\u00e1ru v R\u00fdma\u0159ov\u011b obsadil t\u0159et\u00ed m\u00edsto a v celkov\u00e9m po\u0159ad\u00ed \u010cesk\u00e9ho poh\u00e1ru figuruje rovn\u011b\u017e na vynikaj\u00edc\u00edm t\u0159et\u00edm m\u00edst\u011b, se rozhodl zmapovat turistick\u00e9 [&hellip;]<\/p>\n","protected":false},"author":1,"featured_media":0,"comment_status":"closed","ping_status":"closed","sticky":false,"template":"","format":"standard","meta":{"ngg_post_thumbnail":0,"footnotes":""},"categories":[6],"tags":[],"class_list":["post-643","post","type-post","status-publish","format-standard","hentry","category-caths-info"],"_links":{"self":[{"href":"https:\/\/www.caths.cz\/wordpress\/wp-json\/wp\/v2\/posts\/643","targetHints":{"allow":["GET"]}}],"collection":[{"href":"https:\/\/www.caths.cz\/wordpress\/wp-json\/wp\/v2\/posts"}],"about":[{"href":"https:\/\/www.caths.cz\/wordpress\/wp-json\/wp\/v2\/types\/post"}],"author":[{"embeddable":true,"href":"https:\/\/www.caths.cz\/wordpress\/wp-json\/wp\/v2\/users\/1"}],"replies":[{"embeddable":true,"href":"https:\/\/www.caths.cz\/wordpress\/wp-json\/wp\/v2\/comments?post=643"}],"version-history":[{"count":0,"href":"https:\/\/www.caths.cz\/wordpress\/wp-json\/wp\/v2\/posts\/643\/revisions"}],"wp:attachment":[{"href":"https:\/\/www.caths.cz\/wordpress\/wp-json\/wp\/v2\/media?parent=643"}],"wp:term":[{"taxonomy":"category","embeddable":true,"href":"https:\/\/www.caths.cz\/wordpress\/wp-json\/wp\/v2\/categories?post=643"},{"taxonomy":"post_tag","embeddable":true,"href":"https:\/\/www.caths.cz\/wordpress\/wp-json\/wp\/v2\/tags?post=643"}],"curies":[{"name":"wp","href":"https:\/\/api.w.org\/{rel}","templated":true}]}}