{"id":642,"date":"2008-06-12T09:37:58","date_gmt":"2008-06-12T08:37:58","guid":{"rendered":"http:\/\/www.caths.cz\/wordpress\/?p=642"},"modified":"2008-06-12T09:37:58","modified_gmt":"2008-06-12T08:37:58","slug":"ipc-zverejnil-kalendar-lyzarskych-akci-pro-pristi-sezonu","status":"publish","type":"post","link":"https:\/\/www.caths.cz\/wordpress\/ipc-zverejnil-kalendar-lyzarskych-akci-pro-pristi-sezonu\/","title":{"rendered":"IPC zve\u0159ejnil kalend\u00e1\u0159 ly\u017ea\u0159sk\u00fdch akc\u00ed pro p\u0159\u00ed\u0161t\u00ed sez\u00f3nu"},"content":{"rendered":"<p align=\"justify\">\nKalend\u00e1\u0159 z\u00e1vod\u016f v b\u011b\u017eeck\u00e9m ly\u017eov\u00e1n\u00ed a v biatlonu pro sez\u00f3nu 2008\/2009 ke sta\u017een\u00ed <a href=\"storage\/Calendar Nordic Skiing 2009.xls\"><strong>zde<\/strong><\/a><\/p>\n","protected":false},"excerpt":{"rendered":"<a href=\"https:\/\/www.caths.cz\/wordpress\/ipc-zverejnil-kalendar-lyzarskych-akci-pro-pristi-sezonu\/\"><img loading=\"lazy\" decoding=\"async\" width=\"100\" height=\"100\" src=\"https:\/\/www.caths.cz\/wordpress\/wp-content\/plugins\/thumbnail-for-excerpts\/tfe_no_thumb.png\" class=\"alignleft wp-post-image tfe\" alt=\"\" title=\"\" \/><\/a><p>Kalend\u00e1\u0159 z\u00e1vod\u016f v b\u011b\u017eeck\u00e9m ly\u017eov\u00e1n\u00ed a v biatlonu pro sez\u00f3nu 2008\/2009 ke sta\u017een\u00ed zde<\/p>\n","protected":false},"author":1,"featured_media":0,"comment_status":"closed","ping_status":"closed","sticky":false,"template":"","format":"standard","meta":{"ngg_post_thumbnail":0,"footnotes":""},"categories":[6],"tags":[],"class_list":["post-642","post","type-post","status-publish","format-standard","hentry","category-caths-info"],"_links":{"self":[{"href":"https:\/\/www.caths.cz\/wordpress\/wp-json\/wp\/v2\/posts\/642","targetHints":{"allow":["GET"]}}],"collection":[{"href":"https:\/\/www.caths.cz\/wordpress\/wp-json\/wp\/v2\/posts"}],"about":[{"href":"https:\/\/www.caths.cz\/wordpress\/wp-json\/wp\/v2\/types\/post"}],"author":[{"embeddable":true,"href":"https:\/\/www.caths.cz\/wordpress\/wp-json\/wp\/v2\/users\/1"}],"replies":[{"embeddable":true,"href":"https:\/\/www.caths.cz\/wordpress\/wp-json\/wp\/v2\/comments?post=642"}],"version-history":[{"count":0,"href":"https:\/\/www.caths.cz\/wordpress\/wp-json\/wp\/v2\/posts\/642\/revisions"}],"wp:attachment":[{"href":"https:\/\/www.caths.cz\/wordpress\/wp-json\/wp\/v2\/media?parent=642"}],"wp:term":[{"taxonomy":"category","embeddable":true,"href":"https:\/\/www.caths.cz\/wordpress\/wp-json\/wp\/v2\/categories?post=642"},{"taxonomy":"post_tag","embeddable":true,"href":"https:\/\/www.caths.cz\/wordpress\/wp-json\/wp\/v2\/tags?post=642"}],"curies":[{"name":"wp","href":"https:\/\/api.w.org\/{rel}","templated":true}]}}