{"id":640,"date":"2008-06-10T23:15:27","date_gmt":"2008-06-10T22:15:27","guid":{"rendered":"http:\/\/www.caths.cz\/wordpress\/?p=640"},"modified":"2008-06-10T23:15:27","modified_gmt":"2008-06-10T22:15:27","slug":"fotografie-z-vikendoveho-ep-cyklistu-v-gippingenu","status":"publish","type":"post","link":"https:\/\/www.caths.cz\/wordpress\/fotografie-z-vikendoveho-ep-cyklistu-v-gippingenu\/","title":{"rendered":"Fotografie z v\u00edkendov\u00e9ho EP cyklist\u016f v Gippingenu"},"content":{"rendered":"<p align=\"justify\">Fotoreport\u00e1\u017e a kompletn\u00ed fotogelerie ze z\u00e1vod\u016f evropsk\u00e9ho poh\u00e1ru v cyklistice ve \u0161v\u00fdcarsk\u00e9m Gippingenu<\/p>\n<p align=\"justify\"> <a href=\"http:\/\/www.caths.cz\/cpg1414\/thumbnails.php? album=17\"><strong>KOMPLETN\u00cd FOTOGRAFIE ZE Z\u00c1VOD\u016e SI PROHL\u00c9DN\u011aTE ZDE<\/strong><\/a> <\/p>\n<p> Cestou se zd\u00e1lo, \u017ee se do Gippingenu sj\u00ed\u017ed\u011bj\u00ed snad v\u0161ichni cyklist\u00e9 sv\u011bta <br \/> <img decoding=\"async\" src=\"\/image\/k_clankum\/fotoreportaz\/1.jpg\"><br \/> Doprov\u00e1zely n\u00e1s stovky \u010desk\u00fdch fanou\u0161k\u016f&#8230; bohu\u017eel (bohud\u00edk) ne na\u0161ich \ud83d\ude42<br \/> <img decoding=\"async\" src=\"\/image\/k_clankum\/fotoreportaz\/2.jpg\"><br \/> Hned na hranic\u00edch si na n\u00e1s posv\u00edtili \u0161v\u00fdcar\u0161t\u00ed celn\u00edci, kte\u0159\u00ed n\u00e1s pova\u017eovali za ob\u00e1van\u00e9 fotbalov\u00e9 chulig\u00e1ny..<br \/> <img decoding=\"async\" src=\"\/image\/k_clankum\/fotoreportaz\/3.jpg\"><br \/> &#8230;.co\u017e je p\u0159i pohledu na Emila trochu nepochopiteln\u00e9 \ud83d\ude42 <br \/> <img decoding=\"async\" src=\"\/image\/k_clankum\/fotoreportaz\/4.jpg\"><br \/> D\u00edky &#8222;skv\u011bl\u00e9&#8220; organizaci jsme se na t\u0159et\u00ed pokus ubytovali v nem\u00e9n\u011b &#8222;skv\u011bl\u00e9m&#8220; hotelu Bahnhof <br \/> <img decoding=\"async\" src=\"\/image\/k_clankum\/fotoreportaz\/5.jpg\"><br \/> D\u00edky zpo\u017ed\u011bn\u00ed jsme museli p\u0159ed z\u00e1vodem trochu sp\u011bchat s p\u0159\u00edpravou, ale i to zvl\u00e1daj\u00ed na\u0161i s \u00fasm\u011bvem <br \/> <img decoding=\"async\" src=\"\/image\/k_clankum\/fotoreportaz\/6.jpg\"><br \/> Potom u\u017e odstartoval silni\u010dn\u00ed z\u00e1vod, v romantick\u00e9m okol\u00ed m\u011bste\u010dka Gippingen <br \/> <img decoding=\"async\" src=\"\/image\/k_clankum\/fotoreportaz\/8.jpg\"><br \/> Radim Pavl\u00edk pro\u017eil tentokr\u00e1t kru\u0161n\u00fd z\u00e1vodn\u00ed v\u00edkend <br \/> <img decoding=\"async\" src=\"\/image\/k_clankum\/fotoreportaz\/9.jpg\"><br \/> Proto je jasn\u00e9, \u017ee ho v\u0161udyp\u0159\u00edtomn\u00e9 objektivy fotograf\u016f v\u016fbec net\u011b\u0161ily a nemilosrdn\u011b je vyk\u00e1zal <br \/> <img decoding=\"async\" src=\"\/image\/k_clankum\/fotoreportaz\/10.jpg\"><br \/> &#8230;ne, \u017ee by mu to n\u011bjak pomohlo \ud83d\ude42 Papparazziov\u00e9 jsou prost\u011b v\u0161ude \ud83d\ude42<br \/> <img decoding=\"async\" src=\"\/image\/k_clankum\/fotoreportaz\/11.jpg\"><br \/> Tom\u00e1\u0161 Kvasni\u010dka byl bl\u00edzko v\u00edt\u011bzstv\u00ed, ale tentokr\u00e1t to nevy\u0161lo <br \/> <img decoding=\"async\" src=\"\/image\/k_clankum\/fotoreportaz\/12.jpg\"><br \/> a v c\u00edli toho m\u011bl po\u0159\u00e1dn\u011b dost.. <br \/> <img decoding=\"async\" src=\"\/image\/k_clankum\/fotoreportaz\/13.jpg\"><br \/> Ve skupin\u011b s Jirkou Je\u017ekem se nikomu do \u0161pice necht\u011blo.. <br \/> <img decoding=\"async\" src=\"\/image\/k_clankum\/fotoreportaz\/14.jpg\"><br \/> ..jinak ale jeho z\u00e1vody p\u0159ipom\u00ednaj\u00ed doslova hon na Je\u017eka.. <br \/> <img decoding=\"async\" src=\"\/image\/k_clankum\/fotoreportaz\/15.jpg\"><br \/> Tren\u00e9r v\u00fdkony sv\u00fdch sv\u011b\u0159enc\u016f bedliv\u011b sledoval z doprovodn\u00e9ho vozidla <br \/> <img decoding=\"async\" src=\"\/image\/k_clankum\/fotoreportaz\/16.jpg\"><br \/> Ned\u011bln\u00ed odpoledne pak pat\u0159ilo z\u00e1vod\u016fm elitn\u00edch &#8222;dvounoh\u00fdch&#8220; profesion\u00e1l\u016f&#8230; <br \/> <img decoding=\"async\" src=\"\/image\/k_clankum\/fotoreportaz\/17.jpg\"><br \/> ..pardon, tady je m\u00e1me \ud83d\ude42 <br \/> <img decoding=\"async\" src=\"\/image\/k_clankum\/fotoreportaz\/18.jpg\"> <\/p>\n","protected":false},"excerpt":{"rendered":"<a href=\"https:\/\/www.caths.cz\/wordpress\/fotografie-z-vikendoveho-ep-cyklistu-v-gippingenu\/\"><img loading=\"lazy\" decoding=\"async\" width=\"100\" height=\"100\" src=\"https:\/\/www.caths.cz\/wordpress\/wp-content\/plugins\/thumbnail-for-excerpts\/tfe_no_thumb.png\" class=\"alignleft wp-post-image tfe\" alt=\"\" title=\"\" \/><\/a><p>Fotoreport\u00e1\u017e a kompletn\u00ed fotogelerie ze z\u00e1vod\u016f evropsk\u00e9ho poh\u00e1ru v cyklistice ve \u0161v\u00fdcarsk\u00e9m Gippingenu KOMPLETN\u00cd FOTOGRAFIE ZE Z\u00c1VOD\u016e SI PROHL\u00c9DN\u011aTE ZDE Cestou se zd\u00e1lo, \u017ee se do Gippingenu sj\u00ed\u017ed\u011bj\u00ed snad v\u0161ichni [&hellip;]<\/p>\n","protected":false},"author":1,"featured_media":0,"comment_status":"closed","ping_status":"closed","sticky":false,"template":"","format":"standard","meta":{"ngg_post_thumbnail":0,"footnotes":""},"categories":[8],"tags":[],"class_list":["post-640","post","type-post","status-publish","format-standard","hentry","category-fotoreporty"],"_links":{"self":[{"href":"https:\/\/www.caths.cz\/wordpress\/wp-json\/wp\/v2\/posts\/640","targetHints":{"allow":["GET"]}}],"collection":[{"href":"https:\/\/www.caths.cz\/wordpress\/wp-json\/wp\/v2\/posts"}],"about":[{"href":"https:\/\/www.caths.cz\/wordpress\/wp-json\/wp\/v2\/types\/post"}],"author":[{"embeddable":true,"href":"https:\/\/www.caths.cz\/wordpress\/wp-json\/wp\/v2\/users\/1"}],"replies":[{"embeddable":true,"href":"https:\/\/www.caths.cz\/wordpress\/wp-json\/wp\/v2\/comments?post=640"}],"version-history":[{"count":0,"href":"https:\/\/www.caths.cz\/wordpress\/wp-json\/wp\/v2\/posts\/640\/revisions"}],"wp:attachment":[{"href":"https:\/\/www.caths.cz\/wordpress\/wp-json\/wp\/v2\/media?parent=640"}],"wp:term":[{"taxonomy":"category","embeddable":true,"href":"https:\/\/www.caths.cz\/wordpress\/wp-json\/wp\/v2\/categories?post=640"},{"taxonomy":"post_tag","embeddable":true,"href":"https:\/\/www.caths.cz\/wordpress\/wp-json\/wp\/v2\/tags?post=640"}],"curies":[{"name":"wp","href":"https:\/\/api.w.org\/{rel}","templated":true}]}}