{"id":639,"date":"2008-06-10T14:53:08","date_gmt":"2008-06-10T13:53:08","guid":{"rendered":"http:\/\/www.caths.cz\/wordpress\/?p=639"},"modified":"2008-06-10T14:53:08","modified_gmt":"2008-06-10T13:53:08","slug":"rozhovor-s-kapitanem-atleticke-reprezentace-martinem-nemcem","status":"publish","type":"post","link":"https:\/\/www.caths.cz\/wordpress\/rozhovor-s-kapitanem-atleticke-reprezentace-martinem-nemcem\/","title":{"rendered":"Rozhovor s kapit\u00e1nem atletick\u00e9 reprezentace Martinem N\u011bmcem"},"content":{"rendered":"<p align=\"justify\">\nTentokr\u00e1t jsme polo\u017eili n\u011bkolik ot\u00e1zek Martinu N\u011bmcovi, paralympijsk\u00e9mu v\u00edt\u011bzi a mistru sv\u011bta v atletice.<\/p>\n<p align=\"justify\"> <strong>1. Paralympi\u00e1da v Pekingu m\u00e1 celou \u0159adu p\u0159\u00edvlastk\u016f &#8211; nejv\u011bt\u0161\u00ed, nejbohat\u0161\u00ed, nejkontroverzn\u011bj\u0161\u00ed, nejo\u010dek\u00e1van\u011bj\u0161\u00ed, ale i nejob\u00e1van\u011bj\u0161\u00ed&#8230; Jak Ty, jako jeden z nejzku\u0161en\u011bj\u0161\u00edch \u010desk\u00fdch paralympionik\u016f vn\u00edm\u00e1\u0161 paralympi\u00e1du v Pekingu?<\/strong><\/p>\n<p><em> P\u0159iklonil bych se k v\u00fdrazu nejkontroverzn\u011bj\u0161\u00ed.<\/em><\/p>\n<p> <strong>2. V jak\u00fdch discipl\u00edn\u00e1ch bude\u0161 startovat?<\/strong><\/p>\n<p><em> V hodu diskem a vrhu koul\u00ed. Dlouho jsem se rozhodoval, zda nastoupit i v o\u0161t\u011bpu, pro kter\u00fd m\u00e1m tak\u00e9 spln\u011bn\u00fd A limit, ale nakonec jsem se rozhodl, \u017ee se budu soust\u0159edit jen na dv\u011b discipl\u00edny.<\/em><\/p>\n<p> <strong>3. Paralympi\u00e1da je je\u0161t\u011b daleko, nicm\u00e9n\u011b, jak\u00e9 jsou Tv\u00e9 \u0161ance z pohledu sou\u010dasn\u00e9, aktu\u00e1ln\u00ed formy.<\/strong><\/p>\n<p><em> \u0160ance se takhle dop\u0159edu t\u011b\u017eko odhaduj\u00ed. M\u00fdm c\u00edlem pro leto\u0161n\u00ed paralympi\u00e1du je zisk dvou medail\u00ed. A v nabit\u00e9 konkurenci dvou velmi siln\u00fdch vrha\u010dsk\u00fdch kategori\u00ed &#8211; m\u00e1 skupina handicapu F55 bude slou\u010dena s m\u00e9n\u011b posti\u017een\u00fdmi F56 &#8211; mi nebude v\u016fbec z\u00e1le\u017eet na tom, z jak\u00e9ho budou kovu. I kdybych m\u011bl ale t\u0159eba dv\u011b \u010dtvrt\u00e1 m\u00edsta, budu spokojen\u00fd, kdy\u017e budu v\u011bd\u011bt, \u017ee jsem dal do z\u00e1vodu v\u0161e a nic nezanedbal v p\u0159\u00edprav\u011b nebo p\u0159\u00edstupu.<\/em><\/p>\n<p> <strong>4. Jak\u00fd program, z\u00e1vodn\u00ed a tr\u00e9ninkov\u00fd t\u011b \u010dek\u00e1 do odletu na LPH?<\/strong><\/p>\n<p><em> Aktu\u00e1ln\u011b jsem t\u011bsn\u011b p\u0159ed prvn\u00edm vrcholem leto\u0161n\u00ed sez\u00f3ny. O v\u00edkendu se chyst\u00e1m na otev\u0159en\u00e9 mistrovstv\u00ed N\u011bmecka do Berl\u00edna, p\u0159\u00ed\u0161t\u00ed ned\u011bli bude v Pardubic\u00edch mistrovstv\u00ed republiky v atletice voz\u00ed\u010dk\u00e1\u0159\u016f. Pak bych m\u011bl m\u00edt asi t\u00fdden dva kapku voln\u011bji, n\u00e1sledovat bude fin\u00e1ln\u00ed p\u0159\u00edprava. Samoz\u0159ejm\u011b ka\u017edodenn\u00ed tr\u00e9nink, na p\u0159elomu \u010dervence a srpna dvout\u00fddenn\u00ed soust\u0159ed\u011bn\u00ed v Nymburce. To v\u0161e prolo\u017een\u00e9 z\u00e1vody KB \u010cesk\u00e9ho poh\u00e1ru v \u010cesk\u00fdch Bud\u011bjovic\u00edch, Nov\u00e9m M\u011bst\u011b nad Metuj\u00ed a Chrudimi.<\/em><\/p>\n<p><img decoding=\"async\" src=\"\/image\/k_clankum\/nemec_lph.jpg\"><br \/> FOTO: Iva Machov\u00e1 &#8211; LPH 2004 Ath\u00e9ny<\/p>\n<p> <strong>5. Kolik procent tr\u00e9ninkov\u00e9 \u010dinnosti zauj\u00edm\u00e1 posilovna?<\/strong><\/p>\n<p><em> P\u0159esn\u011b na procenta to spo\u010d\u00edtan\u00e9 nem\u00e1m. V zim\u011b je posilovny v\u00edc, mezi z\u00e1vody m\u00e9n\u011b. \u201eN\u00e1v\u0161t\u011bva\u201c posilovny mi vych\u00e1z\u00ed pr\u016fm\u011brn\u011b dvakr\u00e1t t\u00fddn\u011b.<\/em><\/p>\n<p> <strong>6. Jak\u00e9 provozuje\u0161 dopl\u0148kov\u00e9 sporty?<\/strong><\/p>\n<p><em> Sledge hokej za pra\u017eskou Spartu a basketbal voz\u00ed\u010dk\u00e1\u0159\u016f za USK Meta Praha. Loni jsem si zahr\u00e1l i florbal za \u010deskobud\u011bjovick\u00e9 Kings.<\/em><\/p>\n<p> <strong>7. Pros\u00edm popi\u0161 b\u011b\u017en\u00fd tr\u00e9ninkov\u00fd den mistra sv\u011bta a jednoho z favorit\u016f pro paralympijsk\u00fd z\u00e1vod.<\/strong><\/p>\n<p><em> B\u011b\u017en\u011b je to tak, \u017ee jsem od sedmi do t\u0159\u00ed v pr\u00e1ci, tr\u00e9nuji potom. Ve srovn\u00e1n\u00ed s minul\u00fdmi lety je moje p\u0159\u00edprava ur\u010dit\u011b n\u00e1ro\u010dn\u011bj\u0161\u00ed jak fyzicky, tak \u010dasov\u011b. Jak \u010dlov\u011bk st\u00e1rne, je pro t\u011blo t\u011b\u017e\u0161\u00ed zregenerovat se po kvalitn\u00edm tr\u00e9ninku. P\u0159ed paralympi\u00e1dou v Sydney jsem byl schopen odh\u00e1zet 100 disk\u016f za tr\u00e9nink, p\u0159ed At\u00e9nami okolo 80, te\u010f je to tak 60. Oproti minul\u00fdm let\u016fm, kdy jsem h\u00e1zel v Praze, jezd\u00edm v leto\u0161n\u00ed sez\u00f3n\u011b n\u011bkolikr\u00e1t t\u00fddn\u011b tr\u00e9novat do Pardubic, tak\u017ee tr\u00e1v\u00edm spoustu \u010dasu nejen na tr\u00e9ninku, ale i v aut\u011b p\u0159i cest\u011b na n\u011bj, \u010di z n\u011bj.<\/em><\/p>\n<p> <strong>8. Jak\u00e1 je tv\u00e1 mimotr\u00e9ninkov\u00e1 p\u0159\u00edprava, nap\u0159\u00edklad regenerace?<\/strong><\/p>\n<p><em> Za moj\u00ed regeneraci je \u201ezodpov\u011bdn\u00e1\u201c fyzioterapeutka \u0160\u00e1rka \u0160pa\u0148helov\u00e1, za kterou jezd\u00edm jednou t\u00fddn\u011b do Motola, aby mi pr\u016fb\u011b\u017en\u011b spravovala nejr\u016fzn\u011bj\u0161\u00ed z\u00e1vady. \u0160\u00e1rka by m\u011bla jet s atlety \u010cATHS do Pekingu, tak\u017ee n\u00e1m bude poskytovat servis i tam.<\/em><\/p>\n<p> <strong>9. Jak\u00fd je j\u00eddeln\u00ed\u010dek vrcholov\u00e9ho atleta? Jsou j\u00eddla, kter\u00e1 nesm\u00ed\u0161 j\u00edst, jako nap\u0159\u00edklad cyklist\u00e9, kte\u0159\u00ed si o sv\u00ed\u010dkov\u00e9 s knedl\u00edky mohou nechat jenom zd\u00e1t?<\/strong><\/p>\n<p><em> Vrha\u010di obecn\u011b nem\u00edvaj\u00ed p\u0159\u00edli\u0161 probl\u00e9my s omezov\u00e1n\u00edm j\u00eddeln\u00ed\u010dku.<\/em><\/p>\n<p> <strong>10. Jak\u00e9 jsou tv\u00e9 aktu\u00e1ln\u00ed osobn\u00ed rekordy? Je p\u0159edpoklad, \u017ee se Ti poda\u0159\u00ed n\u011bjak\u00fd rekord v t\u00e9to sez\u00f3n\u011b zlep\u0161it?<\/strong><\/p>\n<p><em> A\u017e hod\u00edm diskem 40 a koul\u00ed vrhnu 12 metr\u016f, budu moc skon\u010dit. Ale nev\u00edm, jestli se to povede v t\u00e9hle sez\u00f3n\u011b, nebo v\u016fbec n\u011bkdy. Uvid\u00edme jak bude foukat.<\/em><\/p>\n<p> <strong>11. U vha\u010dsk\u00fdch discipl\u00edn nerozhoduje pouze s\u00edla i kdy\u017e obvod tv\u00fdch biceps\u016f bud\u00ed n\u00e1le\u017eit\u00fd respekt. S k\u00fdm pracuje\u0161 na technice vrh\u016f a hod\u016f?<\/strong><\/p>\n<p><em> H\u00e1zet diskem m\u011b u\u010dil Tonda Wybraniec. Po p\u0159estupu do pardubick\u00e9 Hv\u011bzdy mi nejni\u017e\u0161\u00ed bod hl\u00edd\u00e1 tren\u00e9rka Eva Vindov\u00e1. Douf\u00e1m, \u017ee se poda\u0159\u00ed, aby atleti \u010cATHS m\u011bli v Pekingu v\u0161ech \u0161est doprovod\u016f, kter\u00e9 pot\u0159ebuj\u00ed. \u017de Eva pojede, aby mi na m\u00edst\u011b pomohla doladit techniku, stejn\u011b jako p\u0159ed dv\u011bma lety na sv\u011btov\u00e9m \u0161ampion\u00e1tu v Assenu.<\/em><\/p>\n","protected":false},"excerpt":{"rendered":"<a href=\"https:\/\/www.caths.cz\/wordpress\/rozhovor-s-kapitanem-atleticke-reprezentace-martinem-nemcem\/\"><img loading=\"lazy\" decoding=\"async\" width=\"100\" height=\"100\" src=\"https:\/\/www.caths.cz\/wordpress\/wp-content\/plugins\/thumbnail-for-excerpts\/tfe_no_thumb.png\" class=\"alignleft wp-post-image tfe\" alt=\"\" title=\"\" \/><\/a><p>Tentokr\u00e1t jsme polo\u017eili n\u011bkolik ot\u00e1zek Martinu N\u011bmcovi, paralympijsk\u00e9mu v\u00edt\u011bzi a mistru sv\u011bta v atletice. 1. Paralympi\u00e1da v Pekingu m\u00e1 celou \u0159adu p\u0159\u00edvlastk\u016f &#8211; nejv\u011bt\u0161\u00ed, nejbohat\u0161\u00ed, nejkontroverzn\u011bj\u0161\u00ed, nejo\u010dek\u00e1van\u011bj\u0161\u00ed, ale i nejob\u00e1van\u011bj\u0161\u00ed&#8230; [&hellip;]<\/p>\n","protected":false},"author":1,"featured_media":0,"comment_status":"closed","ping_status":"closed","sticky":false,"template":"","format":"standard","meta":{"ngg_post_thumbnail":0,"footnotes":""},"categories":[16],"tags":[],"class_list":["post-639","post","type-post","status-publish","format-standard","hentry","category-rozhovory"],"_links":{"self":[{"href":"https:\/\/www.caths.cz\/wordpress\/wp-json\/wp\/v2\/posts\/639","targetHints":{"allow":["GET"]}}],"collection":[{"href":"https:\/\/www.caths.cz\/wordpress\/wp-json\/wp\/v2\/posts"}],"about":[{"href":"https:\/\/www.caths.cz\/wordpress\/wp-json\/wp\/v2\/types\/post"}],"author":[{"embeddable":true,"href":"https:\/\/www.caths.cz\/wordpress\/wp-json\/wp\/v2\/users\/1"}],"replies":[{"embeddable":true,"href":"https:\/\/www.caths.cz\/wordpress\/wp-json\/wp\/v2\/comments?post=639"}],"version-history":[{"count":0,"href":"https:\/\/www.caths.cz\/wordpress\/wp-json\/wp\/v2\/posts\/639\/revisions"}],"wp:attachment":[{"href":"https:\/\/www.caths.cz\/wordpress\/wp-json\/wp\/v2\/media?parent=639"}],"wp:term":[{"taxonomy":"category","embeddable":true,"href":"https:\/\/www.caths.cz\/wordpress\/wp-json\/wp\/v2\/categories?post=639"},{"taxonomy":"post_tag","embeddable":true,"href":"https:\/\/www.caths.cz\/wordpress\/wp-json\/wp\/v2\/tags?post=639"}],"curies":[{"name":"wp","href":"https:\/\/api.w.org\/{rel}","templated":true}]}}