{"id":638,"date":"2008-06-09T18:01:57","date_gmt":"2008-06-09T17:01:57","guid":{"rendered":"http:\/\/www.caths.cz\/wordpress\/?p=638"},"modified":"2008-06-09T18:01:57","modified_gmt":"2008-06-09T17:01:57","slug":"cykliste-ve-svycarskem-gippingenu-absolvovali-dalsi-podnik-zavodu-evropskeho-poharu","status":"publish","type":"post","link":"https:\/\/www.caths.cz\/wordpress\/cykliste-ve-svycarskem-gippingenu-absolvovali-dalsi-podnik-zavodu-evropskeho-poharu\/","title":{"rendered":"Cyklist\u00e9 ve \u0161v\u00fdcarsk\u00e9m Gippingenu absolvovali dal\u0161\u00ed podnik z\u00e1vod\u016f Evropsk\u00e9ho poh\u00e1ru"},"content":{"rendered":"<p align=\"justify\"> V kolon\u011b \u010desk\u00fdch a n\u011bmeck\u00fdch fanou\u0161k\u016f, jedouc\u00edch do \u0160v\u00fdcarska na fotbalov\u00e9 Euro, p\u0159ijel \u010desk\u00fd t\u00fdm do upraven\u00e9ho a cyklisticky &#8222;vym\u00f3d\u011bn\u00e9ho&#8220; Gippingenu, kde se o konal cel\u00fd seri\u00e1l cyklistick\u00fdch z\u00e1vod\u016f. <br \/> B\u011bhem soboty a ned\u011ble div\u00e1ci mohli sledovat \u00fapln\u011b v\u0161echno, co sv\u011btov\u00e1 cyklistika obn\u00e1\u0161\u00ed \u2013 z\u00e1vody d\u011bt\u00ed v\u0161ech v\u011bkov\u00fdch kategori\u00ed, z\u00e1vody veter\u00e1n\u016f, amat\u00e9r\u016f, VIP \u2013 kde spole\u010dn\u011b pom\u011b\u0159ili s\u00edly z\u00e1stupci sponzor\u016f, manager\u016f a celebrit, Open z\u00e1vodu, kde si zaz\u00e1vodila cel\u00e1 \u0159ada b\u00fdval\u00fdch z\u00e1vodn\u00edk\u016f sv\u011btov\u00e9 extrat\u0159\u00eddy, kte\u0159\u00ed nyn\u00ed p\u016fsob\u00ed jako tren\u00e9\u0159i \u010di mana\u017ee\u0159i p\u0159edn\u00edch cyklistick\u00fdch t\u00fdm\u016f. V\u0161e vyvrcholilo 46. ro\u010dn\u00edkem profesion\u00e1ln\u00edho z\u00e1vodu GP Kanton Aargau. <br \/> Evropsk\u00fd poh\u00e1r handicapovan\u00fdch cyklist\u016f je tradi\u010dn\u00ed a ned\u00edlnou sou\u010d\u00e1st\u00ed tohoto cyklistick\u00e9ho sv\u00e1tku, kter\u00fd je druh\u00fdm nejv\u011bt\u0161\u00edm z cyklistick\u00fdch podnik\u016f ve \u0160v\u00fdcarsku.<br \/><img decoding=\"async\" src=\"\/image\/k_clankum\/gipp.jpg\"><br \/> Na \u010dlenit\u00e9 trati se p\u0159edstavila t\u00e9m\u011b\u0159 kompletn\u00ed evropsk\u00e1 \u0161pi\u010dka. Sobotn\u00ed silni\u010dn\u00ed z\u00e1vod se odstartoval po kategori\u00edch, s minutov\u00fdmi odstupy mezi jednotliv\u00fdmi kategoriemi. Z\u00e1m\u011br po\u0159adatel\u016f na samostatn\u011b z\u00e1vod\u00edc\u00ed kategorie a minutov\u00e9 manko v\u0161ak smazal hned v prvn\u00edm kole (dokonce ji\u017e prvn\u00edm kopci) Ji\u0159\u00ed Je\u017eek, kter\u00fd sv\u016fj peloton spojen\u00e9 kategorie LC2 a CP4 \u201ep\u0159ivezl\u201c k prvn\u00ed odstartovan\u00e9 skupin\u011b LC1. Tento peloton se postupn\u011b, b\u011bhem z\u00e1vodu, zredukoval na p\u0159ibli\u017en\u011b deseti\u010dlennou \u010dlennou skupinku, jedouc\u00ed na horsk\u00e9m okruhu pr\u016fm\u011brem p\u0159es 40 km v hod (!), ve kter\u00e9 v\u00fdborn\u011b zvl\u00e1dli z\u00e1v\u011br z\u00e1vodu Italov\u00e9. Jirka v r\u00e1mci spojen\u00e9 kategorie LC2 a CP4 byl druh\u00fd, kdy\u017e ho na p\u00e1sce p\u0159ekonal Francouz Michael Alcaine.<\/p>\n<p> <em>\u201eCht\u011bl jsem \u00fato\u010dit hned od startu. T\u00edm se v\u0161ak na\u0161e kategorie brzy dostala do kontaktu s pelotonem z\u00e1vodn\u00edk\u016f kategorie LC1 a nastal trochu zmatek. Rozhod\u010d\u00ed nakonec m\u00e1vli rukou a nechali jet ob\u011b skupiny spole\u010dn\u011b. Bylo to fajn, proto\u017ee v Pekingu se takto pojede silni\u010dn\u00ed z\u00e1vod (LC1, LC2 a CP4 o jednu sadu medail\u00ed). Sna\u017eil jsem se jet neust\u00e1le aktivn\u011b, ale nepoda\u0159ilo se mi poodjet \u2013 soupe\u0159i z kategorie LC1 byli velice siln\u00ed. Alespo\u0148 tak, d\u00edky vysok\u00e9mu tempu, z pelotonu postupn\u011b odpadali slab\u0161\u00ed z\u00e1vodn\u00edci, a\u017e n\u00e1s zbylo jen asi deset. P\u011bt kilometr\u016f p\u0159ed c\u00edlem, d\u00edky v\u00fdborn\u00e9 t\u00fdmov\u00e9 strategii Ital\u016f, samostatn\u011b odjel A. Borgato (kat. LC1) a sv\u016fj n\u00e1skok prom\u011bnil ve v\u00edt\u011bzstv\u00ed. <br \/>Do z\u00e1v\u011bre\u010dn\u00e9ho spurtu cel\u00e9 skupiny jsem si moc nev\u011b\u0159il, a proto jsem se pokusil o s\u00f3lov\u00fd \u00fanik kilometr p\u0159ed c\u00edlem, ale z\u00e1vodn\u00edci m\u011b dojeli 50m p\u0159ed p\u00e1skou\u2026 Mezi nimi byl i M.Alcaine z m\u00e9 kategorie a tak jsem obsadil druh\u00e9 m\u00edsto. Byla to zaj\u00edmav\u00e1 zku\u0161enost, jak asi bude vypadat spojen\u00fd z\u00e1vod v Pekingu. P\u0159\u00edli\u0161 \u0161anc\u00ed mi to bohu\u017eel ned\u00e1v\u00e1, ale na druhou stranu to ur\u010dit\u011b bude n\u00e1dhern\u00fd, nap\u00ednav\u00fd z\u00e1vod, a to je asi d\u016fle\u017eit\u011bj\u0161\u00ed ne\u017e osobn\u00ed ambice\u201c<\/em>, popsal sv\u00e9 post\u0159ehy Je\u017eek. <\/p>\n<p> V\u00fdborn\u011b si vedl i Tom\u00e1\u0161 Kvasni\u010dka, kter\u00fd byl ve sv\u00e9 kategorii CP3 celkov\u011b druh\u00fd a ve spojen\u00e9 kategorii LC3,4 a CP3 obsadil 5. m\u00edsto, kter\u00e9 vybojoval ve spole\u010dn\u00e9m spurtu.<br \/> Smoln\u00fd, ale pou\u010dn\u00fd den pro\u017eil Radim Pavl\u00edk. Ve chv\u00edli, kdy se rozhodoval z\u00e1vod kategorie LC1 (spojen\u00fd se skupinou Ji\u0159\u00edho Je\u017eka), se Radim pohyboval na konci pelotonu a z\u00fastal tak mezi slab\u0161\u00edmi odpadl\u00edky. Ne\u017e n\u00e1\u0161 z\u00e1vodn\u00edk zjistil co se stalo, m\u011bli favorit\u00e9 n\u00e1skok p\u0159es kilometr. Radim se pak sice intenzivn\u011b a bojovn\u011b sna\u017eil dot\u00e1hnout \u010deln\u00ed skupiny, co\u017e se mu d\u00edky taktizov\u00e1n\u00ed favorit\u016f v p\u0159edposledn\u00edm okruhu m\u00e1lem poda\u0159ilo, ale doplatil na to, \u017ee ve sv\u00e9 skupin\u011b nem\u011bl nikoho, kdo by s n\u00edm spolupracoval. <br \/> P\u0159esto si za sv\u016fj bojovn\u00fd v\u00fdkon vyslou\u017eil pochvalu reprezenta\u010dn\u00edho tren\u00e9ra. P\u0159\u00ed\u0161t\u011b si u\u017e jist\u011b d\u00e1 velik\u00fd pozor na to, aby si dovolil, by\u0165 na p\u00e1r vte\u0159in ztratit z o\u010d\u00ed \u010delo z\u00e1vodu.<br \/><img decoding=\"async\" src=\"\/image\/k_clankum\/gipp1.jpg\"><\/p>\n<p> Ned\u011bln\u00ed \u010dasovka prov\u011b\u0159ila aktu\u00e1ln\u00ed formu z\u00e1vodn\u00edk\u016f. Na pom\u011brn\u011b kr\u00e1tk\u00e9, desetikilometrov\u00e9 trati, byl nejrychlej\u0161\u00ed \u0160pan\u011bl Cesar Neira (CP4), kter\u00fd o necel\u00fdch 10s. porazil Ji\u0159\u00edho Je\u017eka (LC2). Je\u017eek zajel \u010dasovku v\u00fdborn\u011b a byl dokonce rychlej\u0161\u00ed ne\u017e v\u00edt\u011bz kategorie LC1.<br \/><em> \u201eKv\u016fli z\u00e1vodu profesion\u00e1l\u016f jsme v ned\u011bli startovali nezvykle brzy (8:34), co\u017e mi ale zas tak nevadilo, proto\u017ee p\u0159ed \u010dasovkou stejn\u011b nesn\u00edd\u00e1m \ud83d\ude42 Tra\u0165 se mi l\u00edbila a p\u0159es t\u011b\u017ek\u00fd sobotn\u00ed z\u00e1vod jsem se c\u00edtil pom\u011brn\u011b dob\u0159e. S j\u00edzdou i v\u00fdsledn\u00fdm \u010dasem jsem byl velice spokojen. Je\u0161t\u011b m\u011b za dva t\u00fddny \u010dek\u00e1 EP v N\u011bmecku a pot\u00e9 26.6. mistrovstv\u00ed republiky v \u010dasovce se zdrav\u00fdmi. Pak m\u00e1m napl\u00e1nov\u00e1n dvout\u00fddenn\u00ed odpo\u010dinek. Mus\u00edm p\u0159iznat, \u017ee se docela t\u011b\u0161\u00edm, proto\u017ee \u201ejedu\u201c non-stop ji\u017e od poloviny listopadu.\u201c <\/em><br \/> Ji\u0159\u00ed Je\u017eek je jedin\u00fdm z\u00e1vodn\u00edkem seri\u00e1lu EP, kter\u00fd m\u00e1 po \u0161esti z\u00e1vodech absolutn\u00ed po\u010det bod\u016f ve sv\u00e9 kategorii.<br \/><img decoding=\"async\" src=\"\/image\/k_clankum\/gipp2.jpg\"><br \/> Tom\u00e1\u0161 Kvasni\u010dka potvrdil v \u010dasovce sv\u00e9 druh\u00e9 m\u00edsto v kategorii CP3 za Eckharrdem Mauricem ze \u0160pan\u011blska a ve spojen\u00e9 kategorii LC3,4, a CP3 obsadil celkov\u00e9 8. m\u00edsto.<br \/> Radim Pavl\u00edk obsadil v \u010dasovce 11. m\u00edsto ve sv\u00e9 kategorii LC1.<\/p>\n<p> Dal\u0161\u00edm d\u011bjstv\u00edm Evropsk\u00e9ho poh\u00e1ru hendikepovan\u00fdch cyklist\u016f bude 21. a 22.6. n\u011bmeck\u00fd Holzkirchen, kde na na\u0161e z\u00e1vodn\u00edky bude \u010dekat p\u00e1te\u010dn\u00ed \u010dasovka a v sobotu atraktivn\u00ed silni\u010dn\u00ed z\u00e1vod v centru m\u011bsta. <\/p>\n<p> <a href=\"storage\/cyklistikaa\/gippingen_casovka.pdf\">kompletn\u00ed v\u00fdsledky \u010dasovky zde<\/a><\/p>\n","protected":false},"excerpt":{"rendered":"<a href=\"https:\/\/www.caths.cz\/wordpress\/cykliste-ve-svycarskem-gippingenu-absolvovali-dalsi-podnik-zavodu-evropskeho-poharu\/\"><img loading=\"lazy\" decoding=\"async\" width=\"100\" height=\"100\" src=\"https:\/\/www.caths.cz\/wordpress\/wp-content\/plugins\/thumbnail-for-excerpts\/tfe_no_thumb.png\" class=\"alignleft wp-post-image tfe\" alt=\"\" title=\"\" \/><\/a><p>V kolon\u011b \u010desk\u00fdch a n\u011bmeck\u00fdch fanou\u0161k\u016f, jedouc\u00edch do \u0160v\u00fdcarska na fotbalov\u00e9 Euro, p\u0159ijel \u010desk\u00fd t\u00fdm do upraven\u00e9ho a cyklisticky &#8222;vym\u00f3d\u011bn\u00e9ho&#8220; Gippingenu, kde se o konal cel\u00fd seri\u00e1l cyklistick\u00fdch z\u00e1vod\u016f. B\u011bhem [&hellip;]<\/p>\n","protected":false},"author":1,"featured_media":0,"comment_status":"closed","ping_status":"closed","sticky":false,"template":"","format":"standard","meta":{"ngg_post_thumbnail":0,"footnotes":""},"categories":[2],"tags":[],"class_list":["post-638","post","type-post","status-publish","format-standard","hentry","category-cyklistika"],"_links":{"self":[{"href":"https:\/\/www.caths.cz\/wordpress\/wp-json\/wp\/v2\/posts\/638","targetHints":{"allow":["GET"]}}],"collection":[{"href":"https:\/\/www.caths.cz\/wordpress\/wp-json\/wp\/v2\/posts"}],"about":[{"href":"https:\/\/www.caths.cz\/wordpress\/wp-json\/wp\/v2\/types\/post"}],"author":[{"embeddable":true,"href":"https:\/\/www.caths.cz\/wordpress\/wp-json\/wp\/v2\/users\/1"}],"replies":[{"embeddable":true,"href":"https:\/\/www.caths.cz\/wordpress\/wp-json\/wp\/v2\/comments?post=638"}],"version-history":[{"count":0,"href":"https:\/\/www.caths.cz\/wordpress\/wp-json\/wp\/v2\/posts\/638\/revisions"}],"wp:attachment":[{"href":"https:\/\/www.caths.cz\/wordpress\/wp-json\/wp\/v2\/media?parent=638"}],"wp:term":[{"taxonomy":"category","embeddable":true,"href":"https:\/\/www.caths.cz\/wordpress\/wp-json\/wp\/v2\/categories?post=638"},{"taxonomy":"post_tag","embeddable":true,"href":"https:\/\/www.caths.cz\/wordpress\/wp-json\/wp\/v2\/tags?post=638"}],"curies":[{"name":"wp","href":"https:\/\/api.w.org\/{rel}","templated":true}]}}