{"id":637,"date":"2008-06-09T17:09:14","date_gmt":"2008-06-09T16:09:14","guid":{"rendered":"http:\/\/www.caths.cz\/wordpress\/?p=637"},"modified":"2008-06-09T17:09:14","modified_gmt":"2008-06-09T16:09:14","slug":"lukostrelci-maji-za-sebou-dalsi-dva-zavody-archery-handicup-2008","status":"publish","type":"post","link":"https:\/\/www.caths.cz\/wordpress\/lukostrelci-maji-za-sebou-dalsi-dva-zavody-archery-handicup-2008\/","title":{"rendered":"Lukost\u0159elci maj\u00ed za sebou dal\u0161\u00ed dva z\u00e1vody Archery Handicup 2008"},"content":{"rendered":"<p align=\"justify\">\nV Nov\u00e9m M\u011bst\u011b nad Metuj\u00ed prob\u011bhly v sobotu <\/p>\n<p>7.6.2008 dal\u0161\u00ed dva z\u00e1vody leto\u0161n\u00edho Archery <\/p>\n<p>HandiCupu.<\/p>\n<p align=\"justify\"> V\u00edt\u011bzi t\u0159et\u00edho i \u010dtvrt\u00e9ho z\u00e1vodu se stali Ji\u0159\u00ed Klich, Milan Smondek a Vladislav Pe\u0161ek. <br \/> Mezi \u017eenami zv\u00edt\u011bzily Miroslava \u010cern\u00e1, Hana Jan\u00e1kov\u00e1 a Jitka Kadlecov\u00e1. <\/p>\n<p> <strong> PR\u016eB\u011a\u017dN\u00c9 CELKOV\u00c9 PO\u0158AD\u00cd ARCHERY HANDICUP 2008 PO 4. Z\u00c1VOD\u011a:<\/strong><\/p>\n<p> <strong>W1 + Compound open<\/strong><\/p>\n<p> 1. Klich Ji\u0159\u00ed<br \/> 2. \u0160ebek Zden\u011bk<br \/> 3. Zelenka Jaroslav<\/p>\n<p> <strong>W2 + ST mu\u017ei<\/strong><\/p>\n<p> 1. Smondek Milan<br \/> 2. \u0160pidlen Miroslav<br \/> 3. \u010c\u00e1p Vladim\u00edr<\/p>\n<p> <strong>W2 + ST + Comp \u017eeny<\/strong><\/p>\n<p> 1. \u010cern\u00e1 Miroslava<br \/> 2. Jan\u00e1kov\u00e1 Hana<br \/> 3. Kuncov\u00e1 Lenka<\/p>\n<p> <strong>F\/KR. W2 mu\u017ei + \u017eeny open<\/strong><\/p>\n<p> 1. Kadlecov\u00e1 Jitka<br \/> 2. Luke\u0161ov\u00e1 Iva<br \/> 3. Pe\u0161ek Vladislav<\/p>\n<p> V\u00fdsledky jednotliv\u00fdch z\u00e1vod\u016f a pr\u016fb\u011b\u017en\u00e9 celkov\u00e9 po\u0159ad\u00ed si m\u016f\u017eete st\u00e1hnout <a href=\"storage\/lukostrelba\/CP 2008.xls\">ZDE<\/a> <\/p>\n","protected":false},"excerpt":{"rendered":"<a href=\"https:\/\/www.caths.cz\/wordpress\/lukostrelci-maji-za-sebou-dalsi-dva-zavody-archery-handicup-2008\/\"><img loading=\"lazy\" decoding=\"async\" width=\"100\" height=\"100\" src=\"https:\/\/www.caths.cz\/wordpress\/wp-content\/plugins\/thumbnail-for-excerpts\/tfe_no_thumb.png\" class=\"alignleft wp-post-image tfe\" alt=\"\" title=\"\" \/><\/a><p>V Nov\u00e9m M\u011bst\u011b nad Metuj\u00ed prob\u011bhly v sobotu 7.6.2008 dal\u0161\u00ed dva z\u00e1vody leto\u0161n\u00edho Archery HandiCupu. V\u00edt\u011bzi t\u0159et\u00edho i \u010dtvrt\u00e9ho z\u00e1vodu se stali Ji\u0159\u00ed Klich, Milan Smondek a Vladislav Pe\u0161ek. Mezi [&hellip;]<\/p>\n","protected":false},"author":1,"featured_media":0,"comment_status":"closed","ping_status":"closed","sticky":false,"template":"","format":"standard","meta":{"ngg_post_thumbnail":0,"footnotes":""},"categories":[13],"tags":[],"class_list":["post-637","post","type-post","status-publish","format-standard","hentry","category-lukostrelba"],"_links":{"self":[{"href":"https:\/\/www.caths.cz\/wordpress\/wp-json\/wp\/v2\/posts\/637","targetHints":{"allow":["GET"]}}],"collection":[{"href":"https:\/\/www.caths.cz\/wordpress\/wp-json\/wp\/v2\/posts"}],"about":[{"href":"https:\/\/www.caths.cz\/wordpress\/wp-json\/wp\/v2\/types\/post"}],"author":[{"embeddable":true,"href":"https:\/\/www.caths.cz\/wordpress\/wp-json\/wp\/v2\/users\/1"}],"replies":[{"embeddable":true,"href":"https:\/\/www.caths.cz\/wordpress\/wp-json\/wp\/v2\/comments?post=637"}],"version-history":[{"count":0,"href":"https:\/\/www.caths.cz\/wordpress\/wp-json\/wp\/v2\/posts\/637\/revisions"}],"wp:attachment":[{"href":"https:\/\/www.caths.cz\/wordpress\/wp-json\/wp\/v2\/media?parent=637"}],"wp:term":[{"taxonomy":"category","embeddable":true,"href":"https:\/\/www.caths.cz\/wordpress\/wp-json\/wp\/v2\/categories?post=637"},{"taxonomy":"post_tag","embeddable":true,"href":"https:\/\/www.caths.cz\/wordpress\/wp-json\/wp\/v2\/tags?post=637"}],"curies":[{"name":"wp","href":"https:\/\/api.w.org\/{rel}","templated":true}]}}