{"id":634,"date":"2008-06-06T15:38:01","date_gmt":"2008-06-06T14:38:01","guid":{"rendered":"http:\/\/www.caths.cz\/wordpress\/?p=634"},"modified":"2008-06-06T15:38:01","modified_gmt":"2008-06-06T14:38:01","slug":"strelecka-jarni-cena-olomouce","status":"publish","type":"post","link":"https:\/\/www.caths.cz\/wordpress\/strelecka-jarni-cena-olomouce\/","title":{"rendered":"St\u0159eleck\u00e1 Jarn\u00ed cena Olomouce"},"content":{"rendered":"<p align=\"justify\">\n31.5. 2008 prob\u011bhla v Olomouci tradi\u010dn\u00ed st\u0159eleck\u00e1 sout\u011b\u017e &#8211; Jarn\u00ed cena Olomouce, na kter\u00e9 se organiza\u010dn\u011b pod\u00edlel SK TPS Olomouc. Jako ka\u017ed\u00fd rok zde startovali i t\u011blesn\u011b posti\u017een\u00ed st\u0159elci, ve vyhl\u00e1\u0161en\u00e9 kategorii SH1, v discipl\u00edn\u00e1ch P1 &#8211; vzduchov\u00e1 pistole 60 ran a P3 &#8211; sportovn\u00ed pistole 30+30 ran.\n<\/p>\n<p align=\"justify\"> <strong>V\u00fdsledky P1:<\/strong><br \/> 1.m\u00edsto: Mar\u010dan Vladim\u00edr, SK TPS Olomouc &#8211; 542 bod\u016f<br \/> 2.m\u00edsto: Gronsk\u00fd Roman, SK TPS Olomouc &#8211; 531 bod\u016f<br \/> 3.m\u00edsto: Cafourek Old\u0159ich, SK Moravia Brno &#8211; 510 bod\u016f<\/p>\n<p> <strong>V\u00fdsledky P3:<\/strong><br \/> 1.m\u00edsto: Mar\u010dan Vladim\u00edr, SK TPS Olomouc &#8211; 563 bod\u016f<br \/> 2.m\u00edsto: Gronsk\u00fd Roman, SK TPS Olomouc &#8211; 533 bod\u016f<br \/> 3.m\u00edsto: Bure\u0161 Vojt\u011bch, SK TPS Olomouc &#8211; 525 bod\u016f<\/p>\n<p> Dal\u0161\u00ed sout\u011b\u017e v Olomouci se bude konat 5.7.2008 &#8211; Letn\u00ed cena Olomouce, na kterou zveme v\u0161echny TP st\u0159elce. <\/p>\n<p> <a href=\"storage\/Vysledovka Jarni cena.xls\"><strong>Kompletn\u00ed v\u00fdsledkov\u00e1 listina<\/strong><\/a> <\/p>\n<p> <img decoding=\"async\" src=\"\/image\/k_clankum\/strelba1.jpg\"><br \/> P3 &#8211; zleva: Gronsk\u00fd, Mar\u010dan, Bure\u0161, Pi\u0161t\u011bck\u00fd<br \/> <img decoding=\"async\" src=\"\/image\/k_clankum\/strelba2.jpg\"><br \/> celkov\u00fd v\u00edt\u011bz v obou discipl\u00edn\u00e1ch &#8211; Mar\u010dan<br \/> <img decoding=\"async\" src=\"\/image\/k_clankum\/strelba3.jpg\"><br \/> \u00fa\u010dastn\u00edci JC Olomouce &#8211; pauza mezi discipl\u00ednami<br \/> <img decoding=\"async\" src=\"\/image\/k_clankum\/strelba4.jpg\"><br \/> P1 &#8211; zleva: Gronsk\u00fd, Mar\u010dan, Cafourek, Jankejech. <\/p>\n","protected":false},"excerpt":{"rendered":"<a href=\"https:\/\/www.caths.cz\/wordpress\/strelecka-jarni-cena-olomouce\/\"><img loading=\"lazy\" decoding=\"async\" width=\"100\" height=\"100\" src=\"https:\/\/www.caths.cz\/wordpress\/wp-content\/plugins\/thumbnail-for-excerpts\/tfe_no_thumb.png\" class=\"alignleft wp-post-image tfe\" alt=\"\" title=\"\" \/><\/a><p>31.5. 2008 prob\u011bhla v Olomouci tradi\u010dn\u00ed st\u0159eleck\u00e1 sout\u011b\u017e &#8211; Jarn\u00ed cena Olomouce, na kter\u00e9 se organiza\u010dn\u011b pod\u00edlel SK TPS Olomouc. Jako ka\u017ed\u00fd rok zde startovali i t\u011blesn\u011b posti\u017een\u00ed st\u0159elci, ve [&hellip;]<\/p>\n","protected":false},"author":1,"featured_media":0,"comment_status":"closed","ping_status":"closed","sticky":false,"template":"","format":"standard","meta":{"ngg_post_thumbnail":0,"footnotes":""},"categories":[18],"tags":[],"class_list":["post-634","post","type-post","status-publish","format-standard","hentry","category-strelba"],"_links":{"self":[{"href":"https:\/\/www.caths.cz\/wordpress\/wp-json\/wp\/v2\/posts\/634","targetHints":{"allow":["GET"]}}],"collection":[{"href":"https:\/\/www.caths.cz\/wordpress\/wp-json\/wp\/v2\/posts"}],"about":[{"href":"https:\/\/www.caths.cz\/wordpress\/wp-json\/wp\/v2\/types\/post"}],"author":[{"embeddable":true,"href":"https:\/\/www.caths.cz\/wordpress\/wp-json\/wp\/v2\/users\/1"}],"replies":[{"embeddable":true,"href":"https:\/\/www.caths.cz\/wordpress\/wp-json\/wp\/v2\/comments?post=634"}],"version-history":[{"count":0,"href":"https:\/\/www.caths.cz\/wordpress\/wp-json\/wp\/v2\/posts\/634\/revisions"}],"wp:attachment":[{"href":"https:\/\/www.caths.cz\/wordpress\/wp-json\/wp\/v2\/media?parent=634"}],"wp:term":[{"taxonomy":"category","embeddable":true,"href":"https:\/\/www.caths.cz\/wordpress\/wp-json\/wp\/v2\/categories?post=634"},{"taxonomy":"post_tag","embeddable":true,"href":"https:\/\/www.caths.cz\/wordpress\/wp-json\/wp\/v2\/tags?post=634"}],"curies":[{"name":"wp","href":"https:\/\/api.w.org\/{rel}","templated":true}]}}