{"id":633,"date":"2008-06-03T11:22:31","date_gmt":"2008-06-03T10:22:31","guid":{"rendered":"http:\/\/www.caths.cz\/wordpress\/?p=633"},"modified":"2008-06-03T11:22:31","modified_gmt":"2008-06-03T10:22:31","slug":"nasledujici-vikend-bude-mimoradne-zavodni","status":"publish","type":"post","link":"https:\/\/www.caths.cz\/wordpress\/nasledujici-vikend-bude-mimoradne-zavodni\/","title":{"rendered":"N\u00e1sleduj\u00edc\u00ed v\u00edkend bude mimo\u0159\u00e1dn\u011b &quot;z\u00e1vodn\u00ed&quot;"},"content":{"rendered":"<p align=\"justify\">Krom\u011b cyklist\u016f a handbiker\u016f, kte\u0159\u00ed se budou \u00fa\u010dastnit EP ve \u0161v\u00fdcarsk\u00e9m Gippingenu, p\u0159inese tento v\u00edkend i mnoho zaj\u00edmav\u00fdch dom\u00e1c\u00edch z\u00e1vod\u016f. Sout\u011b\u017eit budou vzp\u011bra\u010di, lukost\u0159elci, atleti i handbike\u0159i.<\/p>\n<p><strong>P\u00e1tek 6.6. a sobota 7.6. MM\u010cR benchpress &#8211; \u010cesk\u00e9 Bud\u011bjovice:<\/strong> <a href=\"http:\/\/www.handicapbudweis.com\/benchpress\/2008\/benchpress.html\">propozice<\/a> <\/p>\n<p> <strong> Sobota 7.6. Archery HandiCup &#8211; 3. a 4. z\u00e1vod &#8211; Nov\u00e9 M\u011bsto nad Metuj\u00ed<\/strong>: <br \/> <a href=\"storage\/lukostrelba\/Rozpis 3. zavodu 7.6.08 NMnM.doc\">Rozpis 3. z\u00e1vod<\/a> <br \/> <a href=\"storage\/lukostrelba\/Rozpis 4. zavodu 7.6.08 NMnM.doc\">Rozpis 4. z\u00e1vod<\/a> <\/p>\n<p><strong> Ned\u011ble 8.6. \u010cP handbike &#8211; R\u00fdma\u0159ov:<\/strong> <a href=\"http:\/\/www.jesenickysnek.com\/propozice\/08\/skritek\/index.htm\"> propozice<\/a> <\/p>\n<p> <strong> Ned\u011ble 8.6. KB \u010cP v atletice voz\u00ed\u010dk\u00e1\u0159\u016f &#8211; Brno:<\/strong> <a href=\"http:\/\/www.atletikavozickaru.cz\/obr\/cp2008web-big.jpg\"> plak\u00e1t<\/a><\/p>\n","protected":false},"excerpt":{"rendered":"<a href=\"https:\/\/www.caths.cz\/wordpress\/nasledujici-vikend-bude-mimoradne-zavodni\/\"><img loading=\"lazy\" decoding=\"async\" width=\"100\" height=\"100\" src=\"https:\/\/www.caths.cz\/wordpress\/wp-content\/plugins\/thumbnail-for-excerpts\/tfe_no_thumb.png\" class=\"alignleft wp-post-image tfe\" alt=\"\" title=\"\" \/><\/a><p>Krom\u011b cyklist\u016f a handbiker\u016f, kte\u0159\u00ed se budou \u00fa\u010dastnit EP ve \u0161v\u00fdcarsk\u00e9m Gippingenu, p\u0159inese tento v\u00edkend i mnoho zaj\u00edmav\u00fdch dom\u00e1c\u00edch z\u00e1vod\u016f. Sout\u011b\u017eit budou vzp\u011bra\u010di, lukost\u0159elci, atleti i handbike\u0159i. P\u00e1tek 6.6. a [&hellip;]<\/p>\n","protected":false},"author":1,"featured_media":0,"comment_status":"closed","ping_status":"closed","sticky":false,"template":"","format":"standard","meta":{"ngg_post_thumbnail":0,"footnotes":""},"categories":[1],"tags":[],"class_list":["post-633","post","type-post","status-publish","format-standard","hentry","category-nezarazene"],"_links":{"self":[{"href":"https:\/\/www.caths.cz\/wordpress\/wp-json\/wp\/v2\/posts\/633","targetHints":{"allow":["GET"]}}],"collection":[{"href":"https:\/\/www.caths.cz\/wordpress\/wp-json\/wp\/v2\/posts"}],"about":[{"href":"https:\/\/www.caths.cz\/wordpress\/wp-json\/wp\/v2\/types\/post"}],"author":[{"embeddable":true,"href":"https:\/\/www.caths.cz\/wordpress\/wp-json\/wp\/v2\/users\/1"}],"replies":[{"embeddable":true,"href":"https:\/\/www.caths.cz\/wordpress\/wp-json\/wp\/v2\/comments?post=633"}],"version-history":[{"count":0,"href":"https:\/\/www.caths.cz\/wordpress\/wp-json\/wp\/v2\/posts\/633\/revisions"}],"wp:attachment":[{"href":"https:\/\/www.caths.cz\/wordpress\/wp-json\/wp\/v2\/media?parent=633"}],"wp:term":[{"taxonomy":"category","embeddable":true,"href":"https:\/\/www.caths.cz\/wordpress\/wp-json\/wp\/v2\/categories?post=633"},{"taxonomy":"post_tag","embeddable":true,"href":"https:\/\/www.caths.cz\/wordpress\/wp-json\/wp\/v2\/tags?post=633"}],"curies":[{"name":"wp","href":"https:\/\/api.w.org\/{rel}","templated":true}]}}