{"id":631,"date":"2008-06-02T22:56:29","date_gmt":"2008-06-02T21:56:29","guid":{"rendered":"http:\/\/www.caths.cz\/wordpress\/?p=631"},"modified":"2008-06-02T22:56:29","modified_gmt":"2008-06-02T21:56:29","slug":"jiri-jezek-tomas-kvasnicka-a-radim-pavlik-vedou-celkove-poradi-evropskeho-poharu","status":"publish","type":"post","link":"https:\/\/www.caths.cz\/wordpress\/jiri-jezek-tomas-kvasnicka-a-radim-pavlik-vedou-celkove-poradi-evropskeho-poharu\/","title":{"rendered":"Ji\u0159\u00ed Je\u017eek, Tom\u00e1\u0161 Kvasni\u010dka a Radim Pavl\u00edk vedou celkov\u00e9 po\u0159ad\u00ed Evropsk\u00e9ho poh\u00e1ru"},"content":{"rendered":"<p align=\"justify\">Trojice \u010desk\u00fdch reprezentant\u016f vede s p\u0159ehledem celkov\u00e9 po\u0159ad\u00ed Evropsk\u00e9ho poh\u00e1ru v kategori\u00edch LC1, LC2 a CP3. Napl\u0148uj\u00ed tak sebev\u011bdom\u00fd pl\u00e1n reprezenta\u010dn\u00edho tren\u00e9ra Viktora Zapletala na nejlep\u0161\u00ed mo\u017en\u00e9 um\u00edst\u011bn\u00ed v celkov\u00e9m po\u0159ad\u00ed tohoto presti\u017en\u00edho seri\u00e1lu z\u00e1vod\u016f.<\/p>\n<p align=\"justify\"> Opravdu mimo\u0159\u00e1dn\u00fdm zp\u016fsobem v t\u00e9to sez\u00f3n\u011b z\u00e1vod\u00ed Ji\u0159\u00ed Je\u017eek. V \u017e\u00e1dn\u00e9m z\u00e1vod\u011b doposud nepoznal ho\u0159kost por\u00e1\u017eky a pokud by se vyhla\u0161ovalo celkov\u00e9 po\u0159ad\u00ed bez rozd\u00edlu handicap\u016f, tak i v t\u00e9to kategorii by dominoval s naprost\u00fdm p\u0159ehledem.<br \/> Tren\u00e9r Zapletal v\u00fdkony sv\u00e9ho slavn\u00e9ho sv\u011b\u0159ence komentuje takto:<em> \u201eJirka je v pohod\u011b. Jinak se jeho sou\u010dasn\u00fd stav ani nazvat ned\u00e1. S t\u00edm souvis\u00ed i jeho v\u00fdkony a m\u011b velmi t\u011b\u0161\u00ed, skute\u010dnost, \u017ee sv\u016fj pomysln\u00fd, nejrychlej\u0161\u00ed rychlostn\u00ed stupe\u0148 zat\u00edm za\u0159adil v t\u00e9to sez\u00f3n\u011b pouze jednou, a to v Manchesteru. V tomto m\u011bs\u00edci Jirku \u010dekaj\u00ed je\u0161t\u011b t\u0159i velk\u00e9 z\u00e1vody a pak bude m\u00edt zaslou\u017eenou desetidenn\u00ed dovolenou, po kter\u00e9 ale ji\u017e za\u010dne tvrd\u00e1 a intenzivn\u00ed p\u0159\u00edprava na Peking.\u201c <\/em><br \/> Velmi dob\u0159e se rovn\u011b\u017e dr\u017e\u00ed oba mlad\u00ed\u010dkov\u00e9 reprezenta\u010dn\u00edho t\u00fdmu. Junior Tom\u00e1\u0161 Kvasni\u010dka navzdory sv\u00e9mu v\u011bku opakovan\u011b potvrdil, \u017ee jeho lo\u0148sk\u00e1 premi\u00e9ra ve francouzsk\u00e9m Bordeaux, kde sv\u00fdmi v\u00fdkony doslova \u0161okoval cel\u00fd sv\u011bt nebyla n\u00e1hodn\u00e1 a p\u0159ed paralympi\u00e1dou v Pekingu se stal jedn\u00edm z v\u00e1\u017en\u00fdch kandid\u00e1t\u016f na p\u0159edn\u00ed um\u00edst\u011bn\u00ed. Nad Tom\u00e1\u0161em neust\u00e1le bd\u00ed tren\u00e9rsk\u00e9 trio, p\u0159edstavovan\u00e9 Kvasni\u010dkou seniorem (kter\u00fd d\u00edky tr\u00e9nink\u016fm se sv\u00fdm synem v\u00fdrazn\u011b zapracoval na sv\u00e9 v\u00fdkonnosti), Viktorem Zapletalem a reprezenta\u010dn\u00edm kapit\u00e1nem Jirkou Je\u017ekem, kter\u00fd Tom\u00e1\u0161ovi p\u0159ed\u00e1v\u00e1 velmi cenn\u00e9 z\u00e1vodnick\u00e9 rady.<br \/> Pro Radima Pavl\u00edka je tento rok v na\u0161lapan\u00e9 a siln\u00e9 kategorii LC1 p\u0159edev\u0161\u00edm zku\u0161enostn\u00ed. <br \/><em> \u201eRadim bude velmi dobr\u00fd, u\u017e te\u010f pat\u0159\u00ed do sv\u011btov\u00e9 \u0161pi\u010dky ve sv\u00e9 kategorii, m\u00e1 za sebou prvn\u00ed opravdu cyklistickou zimu a neust\u00e1le se zlep\u0161uje. Pl\u00e1nujeme tento rok, v jeho p\u0159\u00edpad\u011b, sp\u00ed\u0161e jako tr\u00e9ninkov\u00fd a m\u011bl by b\u00fdt odrazov\u00fdm m\u016fstkem k Radimov\u00fdm z\u00e1vod\u016fm p\u0159edev\u0161\u00edm v roce 2009, kdy u\u017e by m\u011bl z\u00e1vodit o pozice nejvy\u0161\u0161\u00ed. T\u00edm v\u00edce n\u00e1s jeho u\u010dinkov\u00e1n\u00ed v z\u00e1vodech EP t\u011b\u0161\u00ed\u201c <\/em>p\u0159ibli\u017euje Viktor Zapletal. <\/p>\n<p> <img decoding=\"async\" src=\"\/image\/k_clankum\/manchester1_855.jpg\"> <\/p>\n","protected":false},"excerpt":{"rendered":"<a href=\"https:\/\/www.caths.cz\/wordpress\/jiri-jezek-tomas-kvasnicka-a-radim-pavlik-vedou-celkove-poradi-evropskeho-poharu\/\"><img loading=\"lazy\" decoding=\"async\" width=\"100\" height=\"100\" src=\"https:\/\/www.caths.cz\/wordpress\/wp-content\/plugins\/thumbnail-for-excerpts\/tfe_no_thumb.png\" class=\"alignleft wp-post-image tfe\" alt=\"\" title=\"\" \/><\/a><p>Trojice \u010desk\u00fdch reprezentant\u016f vede s p\u0159ehledem celkov\u00e9 po\u0159ad\u00ed Evropsk\u00e9ho poh\u00e1ru v kategori\u00edch LC1, LC2 a CP3. Napl\u0148uj\u00ed tak sebev\u011bdom\u00fd pl\u00e1n reprezenta\u010dn\u00edho tren\u00e9ra Viktora Zapletala na nejlep\u0161\u00ed mo\u017en\u00e9 um\u00edst\u011bn\u00ed v celkov\u00e9m [&hellip;]<\/p>\n","protected":false},"author":1,"featured_media":0,"comment_status":"closed","ping_status":"closed","sticky":false,"template":"","format":"standard","meta":{"ngg_post_thumbnail":0,"footnotes":""},"categories":[2],"tags":[],"class_list":["post-631","post","type-post","status-publish","format-standard","hentry","category-cyklistika"],"_links":{"self":[{"href":"https:\/\/www.caths.cz\/wordpress\/wp-json\/wp\/v2\/posts\/631","targetHints":{"allow":["GET"]}}],"collection":[{"href":"https:\/\/www.caths.cz\/wordpress\/wp-json\/wp\/v2\/posts"}],"about":[{"href":"https:\/\/www.caths.cz\/wordpress\/wp-json\/wp\/v2\/types\/post"}],"author":[{"embeddable":true,"href":"https:\/\/www.caths.cz\/wordpress\/wp-json\/wp\/v2\/users\/1"}],"replies":[{"embeddable":true,"href":"https:\/\/www.caths.cz\/wordpress\/wp-json\/wp\/v2\/comments?post=631"}],"version-history":[{"count":0,"href":"https:\/\/www.caths.cz\/wordpress\/wp-json\/wp\/v2\/posts\/631\/revisions"}],"wp:attachment":[{"href":"https:\/\/www.caths.cz\/wordpress\/wp-json\/wp\/v2\/media?parent=631"}],"wp:term":[{"taxonomy":"category","embeddable":true,"href":"https:\/\/www.caths.cz\/wordpress\/wp-json\/wp\/v2\/categories?post=631"},{"taxonomy":"post_tag","embeddable":true,"href":"https:\/\/www.caths.cz\/wordpress\/wp-json\/wp\/v2\/tags?post=631"}],"curies":[{"name":"wp","href":"https:\/\/api.w.org\/{rel}","templated":true}]}}