{"id":625,"date":"2008-05-27T12:50:00","date_gmt":"2008-05-27T11:50:00","guid":{"rendered":"http:\/\/www.caths.cz\/wordpress\/?p=625"},"modified":"2008-05-27T12:50:00","modified_gmt":"2008-05-27T11:50:00","slug":"nova-atleticka-pravidla-ipc-2008-2009","status":"publish","type":"post","link":"https:\/\/www.caths.cz\/wordpress\/nova-atleticka-pravidla-ipc-2008-2009\/","title":{"rendered":"Nov\u00e1 atletick\u00e1 pravidla IPC 2008-2009!"},"content":{"rendered":"<p><P>Sportovn\u00ed komise atletiky Mezin\u00e1rodn\u00edho paralympijsk\u00e9ho v\u00fdboru IPC, dle sv\u00e9ho <A href=\"http:\/\/www.atletikavozickaru.cz\/documents\/rules\/2008_03_26%20Rules_Regs_Memo.pdf\" target=_blank>memoranda<\/A> vydala, v n\u00e1vaznosti na pravidla IAAF 2008, nov\u00e1 atletick\u00e1 pravidla. Nov\u00e1 <A href=\"\/documents\/rules\/2008_2009_IPCAthleticsRulesFinal.pdf\" target=_blank>pravidla<\/A>&nbsp;a <A href=\"\/documents\/rules\/2008_2009_IPCAthleticsRegsFinal.pdf\" target=_blank>opat\u0159en\u00ed<\/A> IPC jsou \u00fa\u010dinn\u00e1 od 15. 5. 2008. Byl vypracov\u00e1n i p\u0159ehledn\u00fd <A href=\"\/documents\/rules\/2008_2009_IPC_Athletics_Rules_Amendments_Final.pdf\" target=_blank>seznam zm\u011bn<\/A>.<\/P> <\/p>\n<p align=\"justify\">Co se t\u00fd\u010de atletiky voz\u00ed\u010dk\u00e1\u0159\u016f, zejm\u00e9na kvadru, je d\u016fle\u017eit\u00e9 nov\u00e9 zn\u011bn\u00ed pravidla &nbsp;144&nbsp;Para&nbsp;2(g):&nbsp;<EM>&#8230;doprovod pro&nbsp;sportovce F32, F51-53 m\u016f\u017ee asistovat rozhod\u010d\u00edm, aby zajistil bezpe\u010dnou dopravu sportovce na vrha\u010dsk\u00fd r\u00e1m, kdy\u017e tak u\u010din\u00ed, mus\u00ed opustit sout\u011b\u017en\u00ed prostor<\/EM>.&nbsp;<\/p>\n<p>Pro Oskara Pistoriuse a dal\u0161\u00ed atlety bez kon\u010detin je d\u016fle\u017eit\u00e9 nov\u00e9 pravidlo 144&nbsp;Para&nbsp;5 pro prot\u00e9zy (t\u0159\u00eddy T42-T46), kter\u00e9 mj. \u0159\u00edk\u00e1, \u017ee <EM>sout\u011b\u017en\u00ed prot\u00e9zy nejsou pova\u017eov\u00e1ny za za\u0159\u00edzen\u00ed, kter\u00e9 d\u00e1v\u00e1 sportovci v\u00fdhodu<\/EM>. To znamen\u00e1, \u017ee atleti T43 mohou bez probl\u00e9m\u016f b\u011b\u017eet v z\u00e1vod\u011b T44.<\/p>\n","protected":false},"excerpt":{"rendered":"<a href=\"https:\/\/www.caths.cz\/wordpress\/nova-atleticka-pravidla-ipc-2008-2009\/\"><img loading=\"lazy\" decoding=\"async\" width=\"100\" height=\"100\" src=\"https:\/\/www.caths.cz\/wordpress\/wp-content\/plugins\/thumbnail-for-excerpts\/tfe_no_thumb.png\" class=\"alignleft wp-post-image tfe\" alt=\"\" title=\"\" \/><\/a><p>Sportovn\u00ed komise atletiky Mezin\u00e1rodn\u00edho paralympijsk\u00e9ho v\u00fdboru IPC, dle sv\u00e9ho memoranda vydala, v n\u00e1vaznosti na pravidla IAAF 2008, nov\u00e1 atletick\u00e1 pravidla. Nov\u00e1 pravidla&nbsp;a opat\u0159en\u00ed IPC jsou \u00fa\u010dinn\u00e1 od 15. 5. 2008. [&hellip;]<\/p>\n","protected":false},"author":1,"featured_media":0,"comment_status":"closed","ping_status":"closed","sticky":false,"template":"","format":"standard","meta":{"ngg_post_thumbnail":0,"footnotes":""},"categories":[5],"tags":[],"class_list":["post-625","post","type-post","status-publish","format-standard","hentry","category-atletika"],"_links":{"self":[{"href":"https:\/\/www.caths.cz\/wordpress\/wp-json\/wp\/v2\/posts\/625","targetHints":{"allow":["GET"]}}],"collection":[{"href":"https:\/\/www.caths.cz\/wordpress\/wp-json\/wp\/v2\/posts"}],"about":[{"href":"https:\/\/www.caths.cz\/wordpress\/wp-json\/wp\/v2\/types\/post"}],"author":[{"embeddable":true,"href":"https:\/\/www.caths.cz\/wordpress\/wp-json\/wp\/v2\/users\/1"}],"replies":[{"embeddable":true,"href":"https:\/\/www.caths.cz\/wordpress\/wp-json\/wp\/v2\/comments?post=625"}],"version-history":[{"count":0,"href":"https:\/\/www.caths.cz\/wordpress\/wp-json\/wp\/v2\/posts\/625\/revisions"}],"wp:attachment":[{"href":"https:\/\/www.caths.cz\/wordpress\/wp-json\/wp\/v2\/media?parent=625"}],"wp:term":[{"taxonomy":"category","embeddable":true,"href":"https:\/\/www.caths.cz\/wordpress\/wp-json\/wp\/v2\/categories?post=625"},{"taxonomy":"post_tag","embeddable":true,"href":"https:\/\/www.caths.cz\/wordpress\/wp-json\/wp\/v2\/tags?post=625"}],"curies":[{"name":"wp","href":"https:\/\/api.w.org\/{rel}","templated":true}]}}