{"id":624,"date":"2008-05-27T12:38:17","date_gmt":"2008-05-27T11:38:17","guid":{"rendered":"http:\/\/www.caths.cz\/wordpress\/?p=624"},"modified":"2008-05-27T12:38:17","modified_gmt":"2008-05-27T11:38:17","slug":"kb-cesky-pohar-v-atletice-vozickaru-pokracoval-druhym-kolem-v-olomouci","status":"publish","type":"post","link":"https:\/\/www.caths.cz\/wordpress\/kb-cesky-pohar-v-atletice-vozickaru-pokracoval-druhym-kolem-v-olomouci\/","title":{"rendered":"KB \u010cesk\u00fd poh\u00e1r v atletice voz\u00ed\u010dk\u00e1\u0159\u016f pokra\u010doval druh\u00fdm kolem v Olomouci"},"content":{"rendered":"<p align=\"justify\">V\u00fdsledky 2. kola KB \u010cesk\u00e9ho poh\u00e1ru v atletice voz\u00ed\u010dk\u00e1\u0159\u016f a pozv\u00e1nka na kolo p\u0159\u00ed\u0161t\u00ed<\/p>\n<p align=\"justify\"> <a href=\"http:\/\/www.skmoravia.cz\/atletika\/pohar\/cp08ol.htm\" target=_blank><strong> V\u00fdsledky 2. kola KB \u010cesk\u00e9ho poh\u00e1ru v atletice voz\u00ed\u010dk\u00e1\u0159\u016f 2008 v Olomouci<\/strong><\/a>. <\/p>\n<p> <strong>Pozv\u00e1nka na 3. kolo KB \u010cesk\u00e9ho poh\u00e1ru 2008<\/strong><br \/> T\u0159et\u00ed kolo jubilejn\u00edho des\u00e1t\u00e9ho ro\u010dn\u00edku KB \u010cesk\u00e9ho poh\u00e1ru v atletice voz\u00ed\u010dk\u00e1\u0159\u016f bude <a href=\"http:\/\/gh207700.itx.nethost.cz\/atletika\/pohar\/Plakat%20BRNO_01.pdf\" target=_blank><strong>&#8222;Velk\u00e1 cena m\u011bsta Brna&#8220;<\/strong>.<\/a>&nbsp;Z\u00e1vody se uskute\u010dn\u00ed v ned\u011bli 8. \u010dervna 2008 na stadionu <A href=\"http:\/\/www.sklisen.com\/\" target=_blank>SK L\u00ed\u0161e\u0148<\/A>. P\u0159ihl\u00e1\u0161ky zas\u00edlejte dle <A href=\"http:\/\/gh207700.itx.nethost.cz\/atletika\/pohar\/cp08bm_pozvanka.pdf\" target=_blank>propozic<\/A>&nbsp; do 30. kv\u011btna. <\/p>\n<p> <img decoding=\"async\" src=\"\/image\/k_clankum\/velkacenabrna.jpg\"> <\/p>\n","protected":false},"excerpt":{"rendered":"<a href=\"https:\/\/www.caths.cz\/wordpress\/kb-cesky-pohar-v-atletice-vozickaru-pokracoval-druhym-kolem-v-olomouci\/\"><img loading=\"lazy\" decoding=\"async\" width=\"100\" height=\"100\" src=\"https:\/\/www.caths.cz\/wordpress\/wp-content\/plugins\/thumbnail-for-excerpts\/tfe_no_thumb.png\" class=\"alignleft wp-post-image tfe\" alt=\"\" title=\"\" \/><\/a><p>V\u00fdsledky 2. kola KB \u010cesk\u00e9ho poh\u00e1ru v atletice voz\u00ed\u010dk\u00e1\u0159\u016f a pozv\u00e1nka na kolo p\u0159\u00ed\u0161t\u00ed V\u00fdsledky 2. kola KB \u010cesk\u00e9ho poh\u00e1ru v atletice voz\u00ed\u010dk\u00e1\u0159\u016f 2008 v Olomouci. Pozv\u00e1nka na 3. kolo [&hellip;]<\/p>\n","protected":false},"author":1,"featured_media":0,"comment_status":"closed","ping_status":"closed","sticky":false,"template":"","format":"standard","meta":{"ngg_post_thumbnail":0,"footnotes":""},"categories":[5],"tags":[],"class_list":["post-624","post","type-post","status-publish","format-standard","hentry","category-atletika"],"_links":{"self":[{"href":"https:\/\/www.caths.cz\/wordpress\/wp-json\/wp\/v2\/posts\/624","targetHints":{"allow":["GET"]}}],"collection":[{"href":"https:\/\/www.caths.cz\/wordpress\/wp-json\/wp\/v2\/posts"}],"about":[{"href":"https:\/\/www.caths.cz\/wordpress\/wp-json\/wp\/v2\/types\/post"}],"author":[{"embeddable":true,"href":"https:\/\/www.caths.cz\/wordpress\/wp-json\/wp\/v2\/users\/1"}],"replies":[{"embeddable":true,"href":"https:\/\/www.caths.cz\/wordpress\/wp-json\/wp\/v2\/comments?post=624"}],"version-history":[{"count":0,"href":"https:\/\/www.caths.cz\/wordpress\/wp-json\/wp\/v2\/posts\/624\/revisions"}],"wp:attachment":[{"href":"https:\/\/www.caths.cz\/wordpress\/wp-json\/wp\/v2\/media?parent=624"}],"wp:term":[{"taxonomy":"category","embeddable":true,"href":"https:\/\/www.caths.cz\/wordpress\/wp-json\/wp\/v2\/categories?post=624"},{"taxonomy":"post_tag","embeddable":true,"href":"https:\/\/www.caths.cz\/wordpress\/wp-json\/wp\/v2\/tags?post=624"}],"curies":[{"name":"wp","href":"https:\/\/api.w.org\/{rel}","templated":true}]}}