{"id":623,"date":"2008-05-27T00:08:49","date_gmt":"2008-05-26T23:08:49","guid":{"rendered":"http:\/\/www.caths.cz\/wordpress\/?p=623"},"modified":"2008-05-27T00:08:49","modified_gmt":"2008-05-26T23:08:49","slug":"fotoreportaz-z-cyklistickeho-ep-v-correze","status":"publish","type":"post","link":"https:\/\/www.caths.cz\/wordpress\/fotoreportaz-z-cyklistickeho-ep-v-correze\/","title":{"rendered":"Fotoreport\u00e1\u017e z cyklistick\u00e9ho EP v Corr\u00e9ze"},"content":{"rendered":"<p align=\"justify\">Fotoreport\u00e1\u017e z \u00fasp\u011b\u0161n\u00e9ho vystoupen\u00ed na\u0161ich cyklist\u016f p\u0159i z\u00e1vodech EP ve francouzsk\u00e9m Corr\u00e9ze<\/p>\n<p align=\"justify\"> <img decoding=\"async\" src=\"\/image\/k_clankum\/correze\/1.jpg\"><br \/> Na cca 1500 km dlouhou cestu do Corr\u00e9ze jsme se vydali pln\u011b nalo\u017een\u00fdm Transport\u00e9rem Emilem<br \/> <img decoding=\"async\" src=\"\/image\/k_clankum\/correze\/2.jpg\"><br \/> Francie je zn\u00e1m\u00e1 sv\u00fdm kr\u00e1sn\u00fdm po\u010das\u00edm&#8230; <br \/> <img decoding=\"async\" src=\"\/image\/k_clankum\/correze\/3.jpg\"><br \/> ..skv\u011blou kuchyn\u00ed&#8230; <br \/> <img decoding=\"async\" src=\"\/image\/k_clankum\/correze\/4.jpg\"><br \/> ..a pohodou, kdy se nikam nesp\u011bch\u00e1. <br \/> <img decoding=\"async\" src=\"\/image\/k_clankum\/correze\/5.jpg\"><br \/> Radim si na z\u00e1vody p\u0159ivezl podez\u0159ele dobrou n\u00e1ladu <br \/> <img decoding=\"async\" src=\"\/image\/k_clankum\/correze\/6.jpg\"><br \/> Zat\u00edm co z\u00e1vodn\u00edci, kte\u0159\u00ed maj\u00ed natr\u00e9nov\u00e1no, p\u0159ed startem jen dofouknou kola. <br \/> <img decoding=\"async\" src=\"\/image\/k_clankum\/correze\/7.jpg\"><br \/> ..jin\u00ed d\u011blaj\u00ed radik\u00e1ln\u011bj\u0161\u00ed \u00fapravy &#8211; t\u0159eba takovou malou sabot\u00e1\u017e \ud83d\ude42 <br \/> <img decoding=\"async\" src=\"\/image\/k_clankum\/correze\/8.jpg\"><br \/> Ale myslet si, \u017ee v\u00e1s p\u0159i tom nikdo nevid\u00ed, je naivn\u00ed.. <br \/> <img decoding=\"async\" src=\"\/image\/k_clankum\/correze\/9.jpg\"><br \/> P\u0159ed startem si m\u016f\u017eeme prohl\u00e9dnout z\u00e1da soupe\u0159\u016f&#8230; <br \/> <img decoding=\"async\" src=\"\/image\/k_clankum\/correze\/10.jpg\"><br \/> ..proto\u017ee p\u0159i z\u00e1vod\u011b jim naopak ukazujeme na\u0161e vlastn\u00ed (Radim v \u00faniku) <br \/> <img decoding=\"async\" src=\"\/image\/k_clankum\/correze\/11.jpg\"><br \/> Tom\u00e1\u0161 Kvasni\u010dka dojel v \u010dasovce i v silni\u010dn\u00edm z\u00e1vod\u011b t\u0159et\u00ed <br \/> <img decoding=\"async\" src=\"\/image\/k_clankum\/correze\/12.jpg\"><br \/> Ji\u0159\u00ed Je\u017eek v obou z\u00e1vodech zv\u00edt\u011bzil. <br \/> <img decoding=\"async\" src=\"\/image\/k_clankum\/correze\/13.jpg\"><br \/> Zaslou\u017eenou pochvalu dostali v\u0161ichni <br \/> <img decoding=\"async\" src=\"\/image\/k_clankum\/correze\/14.jpg\"><br \/> A n\u011bkte\u0159\u00ed i medaile <br \/> <img decoding=\"async\" src=\"\/image\/k_clankum\/correze\/15.jpg\"><br \/> Proto\u017ee cesta dom\u016f je dlouh\u00e1, tren\u00e9r proz\u0159eteln\u011b usp\u00e1v\u00e1 z\u00e1vodn\u00edky bezprost\u0159edn\u011b po z\u00e1vod\u011b, aby v aut\u011b moc nezlobili \ud83d\ude42 <br \/> <img decoding=\"async\" src=\"\/image\/k_clankum\/correze\/16.jpg\"><br \/> Funguje to bezchybn\u011b, posu\u010fte sami \ud83d\ude42 <\/p>\n","protected":false},"excerpt":{"rendered":"<a href=\"https:\/\/www.caths.cz\/wordpress\/fotoreportaz-z-cyklistickeho-ep-v-correze\/\"><img loading=\"lazy\" decoding=\"async\" width=\"100\" height=\"100\" src=\"https:\/\/www.caths.cz\/wordpress\/wp-content\/plugins\/thumbnail-for-excerpts\/tfe_no_thumb.png\" class=\"alignleft wp-post-image tfe\" alt=\"\" title=\"\" \/><\/a><p>Fotoreport\u00e1\u017e z \u00fasp\u011b\u0161n\u00e9ho vystoupen\u00ed na\u0161ich cyklist\u016f p\u0159i z\u00e1vodech EP ve francouzsk\u00e9m Corr\u00e9ze Na cca 1500 km dlouhou cestu do Corr\u00e9ze jsme se vydali pln\u011b nalo\u017een\u00fdm Transport\u00e9rem Emilem Francie je zn\u00e1m\u00e1 [&hellip;]<\/p>\n","protected":false},"author":1,"featured_media":0,"comment_status":"closed","ping_status":"closed","sticky":false,"template":"","format":"standard","meta":{"ngg_post_thumbnail":0,"footnotes":""},"categories":[8],"tags":[],"class_list":["post-623","post","type-post","status-publish","format-standard","hentry","category-fotoreporty"],"_links":{"self":[{"href":"https:\/\/www.caths.cz\/wordpress\/wp-json\/wp\/v2\/posts\/623","targetHints":{"allow":["GET"]}}],"collection":[{"href":"https:\/\/www.caths.cz\/wordpress\/wp-json\/wp\/v2\/posts"}],"about":[{"href":"https:\/\/www.caths.cz\/wordpress\/wp-json\/wp\/v2\/types\/post"}],"author":[{"embeddable":true,"href":"https:\/\/www.caths.cz\/wordpress\/wp-json\/wp\/v2\/users\/1"}],"replies":[{"embeddable":true,"href":"https:\/\/www.caths.cz\/wordpress\/wp-json\/wp\/v2\/comments?post=623"}],"version-history":[{"count":0,"href":"https:\/\/www.caths.cz\/wordpress\/wp-json\/wp\/v2\/posts\/623\/revisions"}],"wp:attachment":[{"href":"https:\/\/www.caths.cz\/wordpress\/wp-json\/wp\/v2\/media?parent=623"}],"wp:term":[{"taxonomy":"category","embeddable":true,"href":"https:\/\/www.caths.cz\/wordpress\/wp-json\/wp\/v2\/categories?post=623"},{"taxonomy":"post_tag","embeddable":true,"href":"https:\/\/www.caths.cz\/wordpress\/wp-json\/wp\/v2\/tags?post=623"}],"curies":[{"name":"wp","href":"https:\/\/api.w.org\/{rel}","templated":true}]}}