{"id":622,"date":"2008-05-26T15:11:27","date_gmt":"2008-05-26T14:11:27","guid":{"rendered":"http:\/\/www.caths.cz\/wordpress\/?p=622"},"modified":"2008-05-26T15:11:27","modified_gmt":"2008-05-26T14:11:27","slug":"jak-se-foti-pod-vodou-rozhovor-s-fotografem-a-plavcem-janem-povysilem","status":"publish","type":"post","link":"https:\/\/www.caths.cz\/wordpress\/jak-se-foti-pod-vodou-rozhovor-s-fotografem-a-plavcem-janem-povysilem\/","title":{"rendered":"Jak se fot\u00ed pod vodou? Rozhovor s fotografem a plavcem Janem Pov\u00fd\u0161ilem"},"content":{"rendered":"<p align=\"justify\">Kr\u00e1tk\u00fd rozhovor s fotografem a plaveck\u00fdm reprezentantem Janem Pov\u00fd\u0161ilem.<\/p>\n<p align=\"justify\"> <img decoding=\"async\" src=\"\/image\/k_clankum\/povysil1.jpg\"><br \/>Foto: Jan Pov\u00fd\u0161il<\/p>\n<p> <strong>1. Honzo, jsi profesion\u00e1ln\u00ed fotograf. Jak vznik\u00e1 &#8222;super fotka&#8220;? <\/strong><\/p>\n<p> <em>\u201eSUPER\u201c fotka &#8211; Souhra n\u00e1hody, talentu, spr\u00e1vn\u00e9ho okam\u017eiku, spr\u00e1vn\u00e9ho sv\u011btla, spr\u00e1vn\u00e9ho mista\u2026 P\u0159\u00edli\u0161 kdyby na jednu jedinou fotku. Ur\u010dit\u011b nevznik\u00e1 100tis\u00edcovou technikou. Super fotka m\u016f\u017ee klidn\u011b vzniknout na krabici od doutn\u00edk\u016f se sv\u011btlocitliv\u00fdm materi\u00e1lem:o). A je jedno, jestli fotite na digit\u00e1l, nebo na kinofilm, na st\u0159edoform\u00e1t nebo velkoform\u00e1t :o). Kouk\u00e1m, \u017ee u\u017e je to p\u0159\u00edli\u0161 dlouh\u00e1 odpov\u011b\u010f:o). Takze to uzav\u0159em &#8211; p\u0159\u00edli\u0161 komplikovan\u00e1 odpov\u011b\u010f na jednoduchou ot\u00e1zku:o). <\/em><\/p>\n<p> <strong>2. D\u00e1 se nau\u010dit dob\u0159e fotografovat? Respektive je to v\u011bc n\u00e1hody okam\u017eiku, talentu, \u010di um\u011bleck\u00e9 vypracovanosti fotografa? <\/strong><\/p>\n<p> <em>Nau\u010dit se d\u00e1 cokoli, ale i kdy\u017e \u010dlov\u011bk perfektn\u011b ovl\u00e1dne techniku, m\u017ee se mu st\u00e1t, \u017ee prost\u011b do fotky nedok\u00e1\u017ee dostat to \u201eONO\u201c, co d\u011bl\u00e1 fotku Fotkou. Nejlep\u0161\u00ed fotografov\u00e9 to maj\u00ed n\u011bkde v sob\u011b. Ale i to se d\u00e1 naj\u00edt, objevit, rozvinout a n\u011bco s t\u00edm ud\u011blat.Klidn\u011b ze za\u010d\u00e1tku opisovat a pomalu vytv\u00e1\u0159et vlastn\u00ed styl\u2026 Ale to je zase ot\u00e1zka, na kterou nan\u00ed jednoduch\u00e1 odpov\u011b\u010f. P\u0159ipad\u00e1m si tady, jako kdybych byl st\u0159a\u0161n\u011b dobrej a hrozn\u011b \u00fa\u017easn\u00e9m fotograf, a to rozhodn\u011b ani zdaleka nejsem:o). <\/em><\/p>\n<p> <strong>3. Jak\u00fd fotoapar\u00e1t pou\u017e\u00edv\u00e1\u0161 pro podvodn\u00ed fotografie? <\/strong><\/p>\n<p> <em> Olympus Mj\u016f\u016f\u016f 750SW, s laskav\u00fdm svolen\u00edm Jardy K\u0159e\u010dka, kter\u00fd mi ho p\u016fj\u010duje (te\u010f m\u00e1m pro n\u011bj dobrou zpr\u00e1vu, proto\u017ee jsme si s br\u00e1chou po\u0159\u00eddili pokro\u010dilej\u0161\u00ed podvodn\u00ed Olympus). A v pl\u00e1nu je po\u0159\u00edzen\u00ed podvodn\u00edho pouzdra pro digit\u00e1ln\u00ed zrcadlovku, ale a\u017e kone\u010dn\u011b po\u0159\u00edd\u00edm n\u011bco trochu lep\u0161\u00edho, ne\u017e na co fot\u00edm te\u010f :o). <\/em><\/p>\n<p> <strong>4. Jak prob\u00edh\u00e1 tv\u00e1 p\u0159\u00edprava na Peking a jak jsi spokojen\u00fd se svou leto\u0161n\u00ed dosavadn\u00ed formou? <\/strong><\/p>\n<p> <em> Vzhledem k tomu, \u017ee jsem se posledn\u00ed t\u0159i t\u00fddny hodn\u011b v\u011bnoval focen\u00ed (taky n\u011bkdy mus\u00edm vyd\u011blat n\u011bjakou tu korunu) tak to s tr\u00e9nov\u00e1n\u00edm nebylo \u00fapln\u011b nejlep\u0161\u00ed, ale p\u0159esto, nebo mo\u017en\u00e1 i d\u00edky tomu, se mi posledn\u00ed z\u00e1vody v Berl\u00edn\u011b docela slu\u0161n\u011b povedly a mysl\u00edm, \u017ee na tom nejsem \u00fapln\u011b nejh\u016f\u0159\u2026 Ale samoz\u0159ejm\u011b, je\u0161t\u011b m\u011b a cel\u00fd t\u00fdm \u010dekaj\u00ed t\u0159i m\u011bs\u00edce velmi tvrd\u00e9 p\u0159\u00edpravy (alespo\u0148 podle toho, co zat\u00edm prozradili na\u0161\u00ed tren\u00e9\u0159i), tak \u017ee snad bude je\u0161t\u011b lip:o). <\/em><\/p>\n<p> <strong>5. Bylo by mo\u017en\u00e9 nafotit pro \u010dten\u00e1\u0159e tohoto webu sekvenci fotografi\u00ed zachycuj\u00edc\u00ed cel\u00fd pohyb plavce? <\/strong><\/p>\n<p> <em> Mo\u017en\u00e9 by bylo cokoli:o). Jak se tak \u0159\u00edk\u00e1, nic nen\u00ed nemo\u017en\u00e9, ale musel bych si kv\u016fli tomu po\u0159\u00eddit, nebo aspo\u0148 p\u016fj\u010dit, nov\u00fd a hlavn\u011b o dost sn\u00edmk\u016f za vte\u0159inu rychlej\u0161\u00ed fo\u0165\u00e1k. T\u0159i sn\u00edmky za vte\u0159inu rozhodn\u011b nepokryj\u00ed rozf\u00e1zov\u00e1n\u00ed pohybu\u2026 <\/em> <\/p>\n","protected":false},"excerpt":{"rendered":"<a href=\"https:\/\/www.caths.cz\/wordpress\/jak-se-foti-pod-vodou-rozhovor-s-fotografem-a-plavcem-janem-povysilem\/\"><img loading=\"lazy\" decoding=\"async\" width=\"100\" height=\"100\" src=\"https:\/\/www.caths.cz\/wordpress\/wp-content\/plugins\/thumbnail-for-excerpts\/tfe_no_thumb.png\" class=\"alignleft wp-post-image tfe\" alt=\"\" title=\"\" \/><\/a><p>Kr\u00e1tk\u00fd rozhovor s fotografem a plaveck\u00fdm reprezentantem Janem Pov\u00fd\u0161ilem. Foto: Jan Pov\u00fd\u0161il 1. Honzo, jsi profesion\u00e1ln\u00ed fotograf. Jak vznik\u00e1 &#8222;super fotka&#8220;? \u201eSUPER\u201c fotka &#8211; Souhra n\u00e1hody, talentu, spr\u00e1vn\u00e9ho okam\u017eiku, spr\u00e1vn\u00e9ho [&hellip;]<\/p>\n","protected":false},"author":1,"featured_media":0,"comment_status":"closed","ping_status":"closed","sticky":false,"template":"","format":"standard","meta":{"ngg_post_thumbnail":0,"footnotes":""},"categories":[16],"tags":[],"class_list":["post-622","post","type-post","status-publish","format-standard","hentry","category-rozhovory"],"_links":{"self":[{"href":"https:\/\/www.caths.cz\/wordpress\/wp-json\/wp\/v2\/posts\/622","targetHints":{"allow":["GET"]}}],"collection":[{"href":"https:\/\/www.caths.cz\/wordpress\/wp-json\/wp\/v2\/posts"}],"about":[{"href":"https:\/\/www.caths.cz\/wordpress\/wp-json\/wp\/v2\/types\/post"}],"author":[{"embeddable":true,"href":"https:\/\/www.caths.cz\/wordpress\/wp-json\/wp\/v2\/users\/1"}],"replies":[{"embeddable":true,"href":"https:\/\/www.caths.cz\/wordpress\/wp-json\/wp\/v2\/comments?post=622"}],"version-history":[{"count":0,"href":"https:\/\/www.caths.cz\/wordpress\/wp-json\/wp\/v2\/posts\/622\/revisions"}],"wp:attachment":[{"href":"https:\/\/www.caths.cz\/wordpress\/wp-json\/wp\/v2\/media?parent=622"}],"wp:term":[{"taxonomy":"category","embeddable":true,"href":"https:\/\/www.caths.cz\/wordpress\/wp-json\/wp\/v2\/categories?post=622"},{"taxonomy":"post_tag","embeddable":true,"href":"https:\/\/www.caths.cz\/wordpress\/wp-json\/wp\/v2\/tags?post=622"}],"curies":[{"name":"wp","href":"https:\/\/api.w.org\/{rel}","templated":true}]}}