{"id":621,"date":"2008-05-25T13:18:51","date_gmt":"2008-05-25T12:18:51","guid":{"rendered":"http:\/\/www.caths.cz\/wordpress\/?p=621"},"modified":"2008-05-25T13:18:51","modified_gmt":"2008-05-25T12:18:51","slug":"jiri-jezek-vyhral-druhy-podnik-ep-ve-francouzskem-correze","status":"publish","type":"post","link":"https:\/\/www.caths.cz\/wordpress\/jiri-jezek-vyhral-druhy-podnik-ep-ve-francouzskem-correze\/","title":{"rendered":"Ji\u0159\u00ed Je\u017eek vyhr\u00e1l druh\u00fd podnik EP ve francouzsk\u00e9m Corr\u00e9ze"},"content":{"rendered":"<p align=\"justify\">\nCyklistick\u00e1 reprezentace tento v\u00edkend \u00fasp\u011b\u0161n\u011b absolvovala druh\u00fd podnik evropsk\u00e9ho poh\u00e1ru, tentokr\u00e1t ve francouzsk\u00e9m Corr\u00e9ze.\n<\/p>\n<p align=\"justify\"> Nej\u00fasp\u011b\u0161n\u011bj\u0161\u00edm z na\u0161ich byl Ji\u0159\u00ed Je\u017eek, kter\u00fd zv\u00edt\u011bzil v \u010dasovce i v silni\u010dn\u00edm z\u00e1vod\u011b, Tom\u00e1\u0161 Kvasni\u010dka dojel v obou z\u00e1vodech na t\u0159et\u00edm m\u00edst\u011b.<br \/> Je\u017eek i Kvasni\u010dka jsou z\u00e1rove\u0148 vedouc\u00edmi z\u00e1vodn\u00edky celkov\u00e9ho po\u0159ad\u00ed EP ve sv\u00fdch kategori\u00edch.<\/p>\n<p> <strong>V\u00ddSLEDKY \u010cASOVKA:<\/strong><\/p>\n<p> Ji\u0159\u00ed Je\u017eek (LC2) &#8230;&#8230; 1.<br \/> Tom\u00e1\u0161 Kvasni\u010dka (CP3) &#8230;&#8230; 3.<br \/> Radim Pavl\u00edk (LC1) &#8230;&#8230; 5.<br \/> Ji\u0159\u00ed Kalousek (LC1) &#8230;&#8230; 13. <\/p>\n<p> <strong>V\u00ddSLEDKY SILNI\u010cN\u00cd Z\u00c1VOD:<\/strong><\/p>\n<p> Ji\u0159\u00ed Je\u017eek (LC2) &#8230;&#8230; 1.<br \/> Tom\u00e1\u0161 Kvasni\u010dka (CP3) &#8230;&#8230; 3.<br \/> Radim Pavl\u00edk (LC1) &#8230;&#8230; 8.<br \/> Ji\u0159\u00ed Kalousek (LC1) &#8230;&#8230; 11. <\/p>\n","protected":false},"excerpt":{"rendered":"<a href=\"https:\/\/www.caths.cz\/wordpress\/jiri-jezek-vyhral-druhy-podnik-ep-ve-francouzskem-correze\/\"><img loading=\"lazy\" decoding=\"async\" width=\"100\" height=\"100\" src=\"https:\/\/www.caths.cz\/wordpress\/wp-content\/plugins\/thumbnail-for-excerpts\/tfe_no_thumb.png\" class=\"alignleft wp-post-image tfe\" alt=\"\" title=\"\" \/><\/a><p>Cyklistick\u00e1 reprezentace tento v\u00edkend \u00fasp\u011b\u0161n\u011b absolvovala druh\u00fd podnik evropsk\u00e9ho poh\u00e1ru, tentokr\u00e1t ve francouzsk\u00e9m Corr\u00e9ze. Nej\u00fasp\u011b\u0161n\u011bj\u0161\u00edm z na\u0161ich byl Ji\u0159\u00ed Je\u017eek, kter\u00fd zv\u00edt\u011bzil v \u010dasovce i v silni\u010dn\u00edm z\u00e1vod\u011b, Tom\u00e1\u0161 Kvasni\u010dka [&hellip;]<\/p>\n","protected":false},"author":1,"featured_media":0,"comment_status":"closed","ping_status":"closed","sticky":false,"template":"","format":"standard","meta":{"ngg_post_thumbnail":0,"footnotes":""},"categories":[2],"tags":[],"class_list":["post-621","post","type-post","status-publish","format-standard","hentry","category-cyklistika"],"_links":{"self":[{"href":"https:\/\/www.caths.cz\/wordpress\/wp-json\/wp\/v2\/posts\/621","targetHints":{"allow":["GET"]}}],"collection":[{"href":"https:\/\/www.caths.cz\/wordpress\/wp-json\/wp\/v2\/posts"}],"about":[{"href":"https:\/\/www.caths.cz\/wordpress\/wp-json\/wp\/v2\/types\/post"}],"author":[{"embeddable":true,"href":"https:\/\/www.caths.cz\/wordpress\/wp-json\/wp\/v2\/users\/1"}],"replies":[{"embeddable":true,"href":"https:\/\/www.caths.cz\/wordpress\/wp-json\/wp\/v2\/comments?post=621"}],"version-history":[{"count":0,"href":"https:\/\/www.caths.cz\/wordpress\/wp-json\/wp\/v2\/posts\/621\/revisions"}],"wp:attachment":[{"href":"https:\/\/www.caths.cz\/wordpress\/wp-json\/wp\/v2\/media?parent=621"}],"wp:term":[{"taxonomy":"category","embeddable":true,"href":"https:\/\/www.caths.cz\/wordpress\/wp-json\/wp\/v2\/categories?post=621"},{"taxonomy":"post_tag","embeddable":true,"href":"https:\/\/www.caths.cz\/wordpress\/wp-json\/wp\/v2\/tags?post=621"}],"curies":[{"name":"wp","href":"https:\/\/api.w.org\/{rel}","templated":true}]}}