{"id":620,"date":"2008-05-24T10:03:35","date_gmt":"2008-05-24T09:03:35","guid":{"rendered":"http:\/\/www.caths.cz\/wordpress\/?p=620"},"modified":"2008-05-24T10:03:35","modified_gmt":"2008-05-24T09:03:35","slug":"atleticka-reprezentace-zvolila-sveho-kapitana","status":"publish","type":"post","link":"https:\/\/www.caths.cz\/wordpress\/atleticka-reprezentace-zvolila-sveho-kapitana\/","title":{"rendered":"Atletick\u00e1 reprezentace zvolila sv\u00e9ho kapit\u00e1na"},"content":{"rendered":"<p align=\"justify\"> <img decoding=\"async\" src=\"\/image\/k_clankum\/nemec.jpg\"><\/p>\n<p> Funkce reprezenta\u010dn\u00edho kapit\u00e1na \u010cATHS nen\u00ed pouh\u00fdm form\u00e1ln\u00edm titulem. Kapit\u00e1n zastupuje sv\u00e9 reprezenta\u010dn\u00ed kolegy na zased\u00e1n\u00edch sekce, tlumo\u010d\u00ed jejich n\u00e1zory, po\u017eadavky, atd. M\u016f\u017ee tedy v\u00fdznamn\u011b p\u0159isp\u011bt k d\u011bn\u00ed v dan\u00e9m sportu.<br \/> Veden\u00ed \u010cATHS p\u0159eje nov\u00e9mu \u010dlenovi sekce atletiky, a\u0165 se mu v t\u00e9to funkci da\u0159\u00ed a pevn\u011b v\u011b\u0159\u00ed, \u017ee Martinova osobnost v\u00fdznamn\u011b p\u0159isp\u011bje ke zklidn\u011bn\u00ed situace v sekci atletiky a ke konstruktivn\u00edm jedn\u00e1n\u00edm.<\/p>\n","protected":false},"excerpt":{"rendered":"<a href=\"https:\/\/www.caths.cz\/wordpress\/atleticka-reprezentace-zvolila-sveho-kapitana\/\"><img loading=\"lazy\" decoding=\"async\" width=\"100\" height=\"100\" src=\"https:\/\/www.caths.cz\/wordpress\/wp-content\/plugins\/thumbnail-for-excerpts\/tfe_no_thumb.png\" class=\"alignleft wp-post-image tfe\" alt=\"\" title=\"\" \/><\/a><p>Funkce reprezenta\u010dn\u00edho kapit\u00e1na \u010cATHS nen\u00ed pouh\u00fdm form\u00e1ln\u00edm titulem. Kapit\u00e1n zastupuje sv\u00e9 reprezenta\u010dn\u00ed kolegy na zased\u00e1n\u00edch sekce, tlumo\u010d\u00ed jejich n\u00e1zory, po\u017eadavky, atd. M\u016f\u017ee tedy v\u00fdznamn\u011b p\u0159isp\u011bt k d\u011bn\u00ed v dan\u00e9m sportu. [&hellip;]<\/p>\n","protected":false},"author":1,"featured_media":0,"comment_status":"closed","ping_status":"closed","sticky":false,"template":"","format":"standard","meta":{"ngg_post_thumbnail":0,"footnotes":""},"categories":[5],"tags":[],"class_list":["post-620","post","type-post","status-publish","format-standard","hentry","category-atletika"],"_links":{"self":[{"href":"https:\/\/www.caths.cz\/wordpress\/wp-json\/wp\/v2\/posts\/620","targetHints":{"allow":["GET"]}}],"collection":[{"href":"https:\/\/www.caths.cz\/wordpress\/wp-json\/wp\/v2\/posts"}],"about":[{"href":"https:\/\/www.caths.cz\/wordpress\/wp-json\/wp\/v2\/types\/post"}],"author":[{"embeddable":true,"href":"https:\/\/www.caths.cz\/wordpress\/wp-json\/wp\/v2\/users\/1"}],"replies":[{"embeddable":true,"href":"https:\/\/www.caths.cz\/wordpress\/wp-json\/wp\/v2\/comments?post=620"}],"version-history":[{"count":0,"href":"https:\/\/www.caths.cz\/wordpress\/wp-json\/wp\/v2\/posts\/620\/revisions"}],"wp:attachment":[{"href":"https:\/\/www.caths.cz\/wordpress\/wp-json\/wp\/v2\/media?parent=620"}],"wp:term":[{"taxonomy":"category","embeddable":true,"href":"https:\/\/www.caths.cz\/wordpress\/wp-json\/wp\/v2\/categories?post=620"},{"taxonomy":"post_tag","embeddable":true,"href":"https:\/\/www.caths.cz\/wordpress\/wp-json\/wp\/v2\/tags?post=620"}],"curies":[{"name":"wp","href":"https:\/\/api.w.org\/{rel}","templated":true}]}}